{"id":41802,"date":"2026-08-31T17:21:08","date_gmt":"2026-08-31T20:21:08","guid":{"rendered":"https:\/\/crc.org.ar\/w\/?p=41802"},"modified":"2026-08-31T17:21:08","modified_gmt":"2026-08-31T20:21:08","slug":"los-juveniles-ya-saben-lo-que-es-ser-campeones-y-se-metieron-en-la-semifinal","status":"publish","type":"post","link":"https:\/\/crc.org.ar\/w\/los-juveniles-ya-saben-lo-que-es-ser-campeones-y-se-metieron-en-la-semifinal\/","title":{"rendered":"Los Juveniles ya saben lo que es ser campeones y se metieron en la semifinal"},"content":{"rendered":"\n<p>(Lunes 31 de agosto de 2026). El plantel Remero de Juveniles que se consagr\u00f3 campe\u00f3n en 2023 en U13 volvi\u00f3 a meterse en etapa semifinal de la competencia de CAB. <\/p>\n\n\n\n<!--more-->\n\n\n\n<figure class=\"wp-block-image size-full\"><img loading=\"lazy\" decoding=\"async\" width=\"1280\" height=\"960\" src=\"https:\/\/crc.org.ar\/w\/wp-content\/uploads\/2026\/08\/WhatsApp-Image-2026-08-31-at-09.48.55.jpeg\" alt=\"\" class=\"wp-image-41803\" srcset=\"https:\/\/crc.org.ar\/w\/wp-content\/uploads\/2026\/08\/WhatsApp-Image-2026-08-31-at-09.48.55.jpeg 1280w, https:\/\/crc.org.ar\/w\/wp-content\/uploads\/2026\/08\/WhatsApp-Image-2026-08-31-at-09.48.55-300x225.jpeg 300w, https:\/\/crc.org.ar\/w\/wp-content\/uploads\/2026\/08\/WhatsApp-Image-2026-08-31-at-09.48.55-768x576.jpeg 768w\" sizes=\"(max-width: 1280px) 100vw, 1280px\" \/><\/figure>\n\n\n\n<p>La Liga Federal Formativa tuvo participaci\u00f3n de la categor\u00eda de Juveniles en la cuarta instancia del torneo que cont\u00f3 con 10 cuadrangulares. El Club de Regatas Corrientes particip\u00f3 del Grupo A jugado en Resistencia junto con Villa San Mart\u00edn, Independiente de Santiago del Estero y Gimnasia de Salta.<\/p>\n\n\n\n<p>En el primer turno el s\u00e1bado por la tarde el Remero le gan\u00f3 a los salte\u00f1os 85-45, mientras que Independiente le gan\u00f3 a Villa San Mart\u00edn 81-78. El domingo por la ma\u00f1ana, el Fantasma se qued\u00f3 con un partidazo 70-68 frente al elenco santiague\u00f1o mientras que el Tricolor venci\u00f3 a Gimnasia 77-48. Y finalmente en la fecha 3, Independiente le gan\u00f3 106-57 a Gimnasia y Regatas complet\u00f3 los deberes contra el due\u00f1o de casa por 63-49.<\/p>\n\n\n\n<p>As\u00ed, Regatas concluy\u00f3 primero en la zona para meterse en la instancia semifinal a la que avanzaron los 12 mejores de la competencia, etapa que se jugar\u00e1 entre el 12 y 13 de septiembre con tres cuadrangulares a licitar en donde pasar\u00e1n a la final los primeros y el mejor segundo.<\/p>\n\n\n\n<figure class=\"wp-block-image size-full\"><img loading=\"lazy\" decoding=\"async\" width=\"1280\" height=\"960\" src=\"https:\/\/crc.org.ar\/w\/wp-content\/uploads\/2026\/08\/WhatsApp-Image-2026-08-31-at-09.48.55-1.jpeg\" alt=\"\" class=\"wp-image-41804\" srcset=\"https:\/\/crc.org.ar\/w\/wp-content\/uploads\/2026\/08\/WhatsApp-Image-2026-08-31-at-09.48.55-1.jpeg 1280w, https:\/\/crc.org.ar\/w\/wp-content\/uploads\/2026\/08\/WhatsApp-Image-2026-08-31-at-09.48.55-1-300x225.jpeg 300w, https:\/\/crc.org.ar\/w\/wp-content\/uploads\/2026\/08\/WhatsApp-Image-2026-08-31-at-09.48.55-1-768x576.jpeg 768w\" sizes=\"(max-width: 1280px) 100vw, 1280px\" \/><\/figure>\n\n\n\n<p>De este modo, el plantel liderado por Alejandro Silveira, que ya sabe en gran medida lo que es ser campe\u00f3n argentino ya que lo hicieron en U13 en 2013, tuvo en sus filas a Lautaro Chaparro, Lautaro Morales G\u00f3mez, Alexis Acosta, Laureano Maidana, Joaqu\u00edn Almozni, Feliciano Ben\u00edtez Sabotigh, Joaqu\u00edn Fern\u00e1ndez, Santiago Pinzetta, Patricio \u00c1valos, Sim\u00f3n P\u00e9rez Acosta, Benjam\u00edn Vidoni, Ian Torres y Bautista Rodr\u00edguez Procopio.<\/p>\n","protected":false},"excerpt":{"rendered":"<p>(Lunes 31 de agosto de 2026). El plantel Remero de Juveniles que se consagr\u00f3 campe\u00f3n en 2023 en U13 volvi\u00f3 a meterse en etapa semifinal de la competencia de CAB. La Liga Federal Formativa tuvo participaci\u00f3n de la categor\u00eda de Juveniles en la cuarta instancia del torneo que cont\u00f3 con 10 cuadrangulares. El Club de &hellip;<\/p>\n","protected":false},"author":6,"featured_media":41803,"comment_status":"closed","ping_status":"closed","sticky":false,"template":"","format":"standard","meta":{"footnotes":""},"categories":[367,156],"tags":[],"_links":{"self":[{"href":"https:\/\/crc.org.ar\/w\/wp-json\/wp\/v2\/posts\/41802"}],"collection":[{"href":"https:\/\/crc.org.ar\/w\/wp-json\/wp\/v2\/posts"}],"about":[{"href":"https:\/\/crc.org.ar\/w\/wp-json\/wp\/v2\/types\/post"}],"author":[{"embeddable":true,"href":"https:\/\/crc.org.ar\/w\/wp-json\/wp\/v2\/users\/6"}],"replies":[{"embeddable":true,"href":"https:\/\/crc.org.ar\/w\/wp-json\/wp\/v2\/comments?post=41802"}],"version-history":[{"count":1,"href":"https:\/\/crc.org.ar\/w\/wp-json\/wp\/v2\/posts\/41802\/revisions"}],"predecessor-version":[{"id":41805,"href":"https:\/\/crc.org.ar\/w\/wp-json\/wp\/v2\/posts\/41802\/revisions\/41805"}],"wp:featuredmedia":[{"embeddable":true,"href":"https:\/\/crc.org.ar\/w\/wp-json\/wp\/v2\/media\/41803"}],"wp:attachment":[{"href":"https:\/\/crc.org.ar\/w\/wp-json\/wp\/v2\/media?parent=41802"}],"wp:term":[{"taxonomy":"category","embeddable":true,"href":"https:\/\/crc.org.ar\/w\/wp-json\/wp\/v2\/categories?post=41802"},{"taxonomy":"post_tag","embeddable":true,"href":"https:\/\/crc.org.ar\/w\/wp-json\/wp\/v2\/tags?post=41802"}],"curies":[{"name":"wp","href":"https:\/\/api.w.org\/{rel}","templated":true}]}}