{"id":41810,"date":"2026-09-05T15:55:30","date_gmt":"2026-09-05T18:55:30","guid":{"rendered":"https:\/\/crc.org.ar\/w\/?p=41810"},"modified":"2026-09-05T15:55:30","modified_gmt":"2026-09-05T18:55:30","slug":"regatas-presenta-su-plantel","status":"publish","type":"post","link":"https:\/\/crc.org.ar\/w\/regatas-presenta-su-plantel\/","title":{"rendered":"Regatas presenta su plantel"},"content":{"rendered":"\n<p>(S\u00e1bado 5 de septiembre de 2026). El martes 8 a las 12 horas se realizar\u00e1 la conferencia de prensa de presentaci\u00f3n de la nueva temporada de Regatas Corrientes en la \u00e9lite del b\u00e1squet nacional e internacional.<\/p>\n\n\n\n<!--more-->\n\n\n<div class=\"wp-block-image\">\n<figure class=\"aligncenter size-large\"><img loading=\"lazy\" decoding=\"async\" width=\"2048\" height=\"1365\" src=\"https:\/\/crc.org.ar\/w\/wp-content\/uploads\/2026\/09\/A7_05299-2048x1365.jpg\" alt=\"\" class=\"wp-image-41811\" srcset=\"https:\/\/crc.org.ar\/w\/wp-content\/uploads\/2026\/09\/A7_05299-2048x1365.jpg 2048w, https:\/\/crc.org.ar\/w\/wp-content\/uploads\/2026\/09\/A7_05299-300x200.jpg 300w, https:\/\/crc.org.ar\/w\/wp-content\/uploads\/2026\/09\/A7_05299-768x512.jpg 768w, https:\/\/crc.org.ar\/w\/wp-content\/uploads\/2026\/09\/A7_05299-1536x1024.jpg 1536w\" sizes=\"(max-width: 2048px) 100vw, 2048px\" \/><\/figure><\/div>\n\n\n<p>La dirigencia del Club de Regatas Corrientes se complace en invitar a todos los medios de comunicaci\u00f3n a la conferencia de prensa de presentaci\u00f3n de su plantel profesional de cara a la temporada 2026\/27 de la Liga Nacional de B\u00e1squetbol. Adem\u00e1s del torneo nacional, la instituci\u00f3n correntina afrontar\u00e1 la Liga Sudamericana.<\/p>\n\n\n\n<p>La Conferencia de prensa se realizar\u00e1 el martes 8 a las 12 horas en el Sal\u00f3n Business Center del Hotel de Turismo. La oportunidad servir\u00e1 para presentar en sociedad al equipo que afrontar\u00e1 la temporada numero 23 del Remero en la \u00e9lite del b\u00e1squet.<\/p>\n\n\n\n<p>De la presentaci\u00f3n participar\u00e1 la Comisi\u00f3n Directiva encabezada por el presidente, Dr. Eduardo Tassano junto a los sponsors que acompa\u00f1an al Remero en esta nueva temporada.<\/p>\n","protected":false},"excerpt":{"rendered":"<p>(S\u00e1bado 5 de septiembre de 2026). El martes 8 a las 12 horas se realizar\u00e1 la conferencia de prensa de presentaci\u00f3n de la nueva temporada de Regatas Corrientes en la \u00e9lite del b\u00e1squet nacional e internacional. La dirigencia del Club de Regatas Corrientes se complace en invitar a todos los medios de comunicaci\u00f3n a la &hellip;<\/p>\n","protected":false},"author":6,"featured_media":41812,"comment_status":"closed","ping_status":"closed","sticky":false,"template":"","format":"standard","meta":{"footnotes":""},"categories":[67,156,395],"tags":[198,222,236,191],"_links":{"self":[{"href":"https:\/\/crc.org.ar\/w\/wp-json\/wp\/v2\/posts\/41810"}],"collection":[{"href":"https:\/\/crc.org.ar\/w\/wp-json\/wp\/v2\/posts"}],"about":[{"href":"https:\/\/crc.org.ar\/w\/wp-json\/wp\/v2\/types\/post"}],"author":[{"embeddable":true,"href":"https:\/\/crc.org.ar\/w\/wp-json\/wp\/v2\/users\/6"}],"replies":[{"embeddable":true,"href":"https:\/\/crc.org.ar\/w\/wp-json\/wp\/v2\/comments?post=41810"}],"version-history":[{"count":1,"href":"https:\/\/crc.org.ar\/w\/wp-json\/wp\/v2\/posts\/41810\/revisions"}],"predecessor-version":[{"id":41813,"href":"https:\/\/crc.org.ar\/w\/wp-json\/wp\/v2\/posts\/41810\/revisions\/41813"}],"wp:featuredmedia":[{"embeddable":true,"href":"https:\/\/crc.org.ar\/w\/wp-json\/wp\/v2\/media\/41812"}],"wp:attachment":[{"href":"https:\/\/crc.org.ar\/w\/wp-json\/wp\/v2\/media?parent=41810"}],"wp:term":[{"taxonomy":"category","embeddable":true,"href":"https:\/\/crc.org.ar\/w\/wp-json\/wp\/v2\/categories?post=41810"},{"taxonomy":"post_tag","embeddable":true,"href":"https:\/\/crc.org.ar\/w\/wp-json\/wp\/v2\/tags?post=41810"}],"curies":[{"name":"wp","href":"https:\/\/api.w.org\/{rel}","templated":true}]}}