{"id":4427,"date":"2017-08-11T17:30:44","date_gmt":"2017-08-11T20:30:44","guid":{"rendered":"http:\/\/www.crc.org.ar\/w\/?p=4427"},"modified":"2017-08-11T18:25:19","modified_gmt":"2017-08-11T21:25:19","slug":"un-sueno-hecho-realidad-mundial-de-tkd-unificado-en-corrientes","status":"publish","type":"post","link":"https:\/\/crc.org.ar\/w\/un-sueno-hecho-realidad-mundial-de-tkd-unificado-en-corrientes\/","title":{"rendered":"Un sue\u00f1o hecho realidad, Mundial de TKD Unificado en Corrientes"},"content":{"rendered":"<p>(Viernes 11 de agosto de 2017). Cerca del mediod\u00eda de este viernes se llev\u00f3 a cabo el Acto Apertura del Campeonato Mundial de Taekwondo Unificado 2017, con las m\u00e1ximas autoridades internacionales en el estadio del Club de Regatas Corrientes. \u201cBienvenidos chamigo a nuestro querido Taragu\u00ed\u201d, dijo el Ministro <strong>Carlos Vignolo<\/strong> para recibir a los ilustres visitante.<\/p>\n<p><!--more--><\/p>\n<p>\u201cHace m\u00e1s de diez a\u00f1os que <strong>Jorge Demarchi<\/strong> lleg\u00f3 a Regatas para comenzar con la pr\u00e1ctica del taekwon do en el Club, y hoy vemos su crecimiento y su sue\u00f1o hecho realidad, que es el nuestro\u201d, dijo el presidente del Club de Regatas Corrientes, <strong>Eduardo Tassano.<\/strong><\/p>\n<p><a href=\"http:\/\/www.crc.org.ar\/w\/wp-content\/uploads\/2017\/08\/Acto-Apertura-Tassano2.jpg\"><img loading=\"lazy\" decoding=\"async\" class=\"alignleft size-medium wp-image-4428\" src=\"http:\/\/www.crc.org.ar\/w\/wp-content\/uploads\/2017\/08\/Acto-Apertura-Tassano2-300x212.jpg\" alt=\"\" width=\"300\" height=\"212\" srcset=\"https:\/\/crc.org.ar\/w\/wp-content\/uploads\/2017\/08\/Acto-Apertura-Tassano2-300x212.jpg 300w, https:\/\/crc.org.ar\/w\/wp-content\/uploads\/2017\/08\/Acto-Apertura-Tassano2-768x541.jpg 768w, https:\/\/crc.org.ar\/w\/wp-content\/uploads\/2017\/08\/Acto-Apertura-Tassano2.jpg 800w\" sizes=\"(max-width: 300px) 100vw, 300px\" \/><\/a>Fue en el marco del Acto Apertura del Campeonato Mundial de Taekwondo Unificado 2017, que se llev\u00f3 a cabo en el estadio del Club de Regatas Corrientes, y que cont\u00f3 con la presencia del Ministro Secretario General de la Gobernaci\u00f3n, <strong>Carlos Vignolo. <\/strong><\/p>\n<p>Precisamente el Ministro saludo a los visitantes dici\u00e9ndoles \u201cbienvenidos chamigo a nuestro querido Taragu\u00ed\u201d, complicando severamente al traductor en ingl\u00e9s que no sab\u00eda las palabras en guarn\u00ed, ante la sonrisa c\u00f3mplice de Vignolo.<\/p>\n<p>Antes fue el turno del desfile de las delegaciones, comenzando por Australia, Brasil, Bolivia, Colombia, Estados Unidos, Canad\u00e1, Holanda, Sudr\u00e1frica, Paraguay, Per\u00fa, Uruguay\u00a0 y el representativo nacional.<\/p>\n<p>Seguidamente la voz inconfundible de <strong>Lorena Larrea Caterino<\/strong> enton\u00f3 el Himno Nacional Argentino, en uno de los momentos m\u00e1s emotivos de la ceremonia, y que termin\u00f3 con una ovaci\u00f3n del p\u00fablico presente, al grito de \u201cArgentina, Argentina\u201d\u2026<\/p>\n<p><a href=\"http:\/\/www.crc.org.ar\/w\/wp-content\/uploads\/2017\/08\/Acto-Apertura-Vignolo.jpg\"><img loading=\"lazy\" decoding=\"async\" class=\"size-medium wp-image-4429 alignright\" src=\"http:\/\/www.crc.org.ar\/w\/wp-content\/uploads\/2017\/08\/Acto-Apertura-Vignolo-300x220.jpg\" alt=\"\" width=\"300\" height=\"220\" srcset=\"https:\/\/crc.org.ar\/w\/wp-content\/uploads\/2017\/08\/Acto-Apertura-Vignolo-300x220.jpg 300w, https:\/\/crc.org.ar\/w\/wp-content\/uploads\/2017\/08\/Acto-Apertura-Vignolo-768x564.jpg 768w, https:\/\/crc.org.ar\/w\/wp-content\/uploads\/2017\/08\/Acto-Apertura-Vignolo.jpg 800w\" sizes=\"(max-width: 300px) 100vw, 300px\" \/><\/a>El otro momento emotivo del Acto fue cuando Gran Maestro (MG) <strong>Kwang Sung Hwang,<\/strong> no sin antes contar sus ra\u00edces y su historia dentro del taekwondo, present\u00f3 oficialmente el nuevo logo del Taekwon do Unificando, quebr\u00e1ndose en l\u00e1grimas.<\/p>\n<p>Fue el turno su hija, <strong>Jade Hwang<\/strong>, qui\u00e9n agradeci\u00f3 por el trabajo encomiable de la organizaci\u00f3n y por la hospitalidad correntina, que confirmaron que la decisi\u00f3n de elegir como sede a Corrientes no estaba equivocada.<\/p>\n<p>Tras el Acto de Apertura, la competencia contin\u00fao con las categor\u00edas Senior y Cadetes en Danes; tanto en tul (formas), combate, y rotura; en una jornada que se hab\u00eda iniciado pasadas las 9 en el estadio del Club de Regatas Corrientes.<\/p>\n<p><strong>ULTIMA JORNADA<\/strong><br \/>\nRecordemos que este s\u00e1bado, ser\u00e1 el turno de las categor\u00edas de Maxi y Junior; tambi\u00e9n en Tul, combate, y rotura, entre otros. Siempre desde las 9 y hasta consagrar a los campeones; en lo que marcar\u00e1 el cierre de la competencia propiamente dicha.<\/p>\n<p>El domingo, en tanto, solo para las delegaciones visitantes y dirigentes, se llevar\u00e1 a cabo la reuni\u00f3n Unificada de la ITF, en donde se presentar\u00e1n los postulantes para ser sede del pr\u00f3ximo Mundial.<\/p>\n<p><strong>ENTRADAS<\/strong><br \/>\nRecordemos que las autoridades de la organizaci\u00f3n dispusieron que por d\u00eda el precio \u00fanico de las entradas para el Mundial, para el sector de populares, es de cien pesos ($ 100).<\/p>\n<div id='gallery-1' class='gallery galleryid-4427 gallery-columns-5 gallery-size-thumbnail'><figure class='gallery-item'>\n\t\t\t<div class='gallery-icon landscape'>\n\t\t\t\t<a href='https:\/\/crc.org.ar\/w\/wp-content\/uploads\/2017\/08\/Acto-Apertura.jpg'><img loading=\"lazy\" decoding=\"async\" width=\"150\" height=\"150\" src=\"https:\/\/crc.org.ar\/w\/wp-content\/uploads\/2017\/08\/Acto-Apertura-150x150.jpg\" class=\"attachment-thumbnail size-thumbnail\" alt=\"\" srcset=\"https:\/\/crc.org.ar\/w\/wp-content\/uploads\/2017\/08\/Acto-Apertura-150x150.jpg 150w, https:\/\/crc.org.ar\/w\/wp-content\/uploads\/2017\/08\/Acto-Apertura-200x200.jpg 200w\" sizes=\"(max-width: 150px) 100vw, 150px\" \/><\/a>\n\t\t\t<\/div><\/figure><figure class='gallery-item'>\n\t\t\t<div class='gallery-icon landscape'>\n\t\t\t\t<a href='https:\/\/crc.org.ar\/w\/wp-content\/uploads\/2017\/08\/Acto-Apertura1.jpg'><img loading=\"lazy\" decoding=\"async\" width=\"150\" height=\"150\" src=\"https:\/\/crc.org.ar\/w\/wp-content\/uploads\/2017\/08\/Acto-Apertura1-150x150.jpg\" class=\"attachment-thumbnail size-thumbnail\" alt=\"\" srcset=\"https:\/\/crc.org.ar\/w\/wp-content\/uploads\/2017\/08\/Acto-Apertura1-150x150.jpg 150w, https:\/\/crc.org.ar\/w\/wp-content\/uploads\/2017\/08\/Acto-Apertura1-200x200.jpg 200w\" sizes=\"(max-width: 150px) 100vw, 150px\" \/><\/a>\n\t\t\t<\/div><\/figure><figure class='gallery-item'>\n\t\t\t<div class='gallery-icon landscape'>\n\t\t\t\t<a href='https:\/\/crc.org.ar\/w\/wp-content\/uploads\/2017\/08\/Acto-Apertura2.jpg'><img loading=\"lazy\" decoding=\"async\" width=\"150\" height=\"150\" src=\"https:\/\/crc.org.ar\/w\/wp-content\/uploads\/2017\/08\/Acto-Apertura2-150x150.jpg\" class=\"attachment-thumbnail size-thumbnail\" alt=\"\" srcset=\"https:\/\/crc.org.ar\/w\/wp-content\/uploads\/2017\/08\/Acto-Apertura2-150x150.jpg 150w, https:\/\/crc.org.ar\/w\/wp-content\/uploads\/2017\/08\/Acto-Apertura2-200x200.jpg 200w\" sizes=\"(max-width: 150px) 100vw, 150px\" \/><\/a>\n\t\t\t<\/div><\/figure><figure class='gallery-item'>\n\t\t\t<div class='gallery-icon landscape'>\n\t\t\t\t<a href='https:\/\/crc.org.ar\/w\/wp-content\/uploads\/2017\/08\/Acto-Apertura3.jpg'><img loading=\"lazy\" decoding=\"async\" width=\"150\" height=\"150\" src=\"https:\/\/crc.org.ar\/w\/wp-content\/uploads\/2017\/08\/Acto-Apertura3-150x150.jpg\" class=\"attachment-thumbnail size-thumbnail\" alt=\"\" srcset=\"https:\/\/crc.org.ar\/w\/wp-content\/uploads\/2017\/08\/Acto-Apertura3-150x150.jpg 150w, https:\/\/crc.org.ar\/w\/wp-content\/uploads\/2017\/08\/Acto-Apertura3-200x200.jpg 200w, https:\/\/crc.org.ar\/w\/wp-content\/uploads\/2017\/08\/Acto-Apertura3-450x452.jpg 450w\" sizes=\"(max-width: 150px) 100vw, 150px\" \/><\/a>\n\t\t\t<\/div><\/figure><figure class='gallery-item'>\n\t\t\t<div class='gallery-icon landscape'>\n\t\t\t\t<a href='https:\/\/crc.org.ar\/w\/wp-content\/uploads\/2017\/08\/Acto-Apertura-Argentina.jpg'><img loading=\"lazy\" decoding=\"async\" width=\"150\" height=\"150\" src=\"https:\/\/crc.org.ar\/w\/wp-content\/uploads\/2017\/08\/Acto-Apertura-Argentina-150x150.jpg\" class=\"attachment-thumbnail size-thumbnail\" alt=\"\" srcset=\"https:\/\/crc.org.ar\/w\/wp-content\/uploads\/2017\/08\/Acto-Apertura-Argentina-150x150.jpg 150w, https:\/\/crc.org.ar\/w\/wp-content\/uploads\/2017\/08\/Acto-Apertura-Argentina-200x200.jpg 200w\" sizes=\"(max-width: 150px) 100vw, 150px\" \/><\/a>\n\t\t\t<\/div><\/figure><figure class='gallery-item'>\n\t\t\t<div class='gallery-icon landscape'>\n\t\t\t\t<a href='https:\/\/crc.org.ar\/w\/wp-content\/uploads\/2017\/08\/Acto-Apertura-Argentina1.jpg'><img loading=\"lazy\" decoding=\"async\" width=\"150\" height=\"150\" src=\"https:\/\/crc.org.ar\/w\/wp-content\/uploads\/2017\/08\/Acto-Apertura-Argentina1-150x150.jpg\" class=\"attachment-thumbnail size-thumbnail\" alt=\"\" srcset=\"https:\/\/crc.org.ar\/w\/wp-content\/uploads\/2017\/08\/Acto-Apertura-Argentina1-150x150.jpg 150w, https:\/\/crc.org.ar\/w\/wp-content\/uploads\/2017\/08\/Acto-Apertura-Argentina1-200x200.jpg 200w\" sizes=\"(max-width: 150px) 100vw, 150px\" \/><\/a>\n\t\t\t<\/div><\/figure><figure class='gallery-item'>\n\t\t\t<div class='gallery-icon landscape'>\n\t\t\t\t<a href='https:\/\/crc.org.ar\/w\/wp-content\/uploads\/2017\/08\/Acto-Apertura-Argentina2.jpg'><img loading=\"lazy\" decoding=\"async\" width=\"150\" height=\"150\" src=\"https:\/\/crc.org.ar\/w\/wp-content\/uploads\/2017\/08\/Acto-Apertura-Argentina2-150x150.jpg\" class=\"attachment-thumbnail size-thumbnail\" alt=\"\" srcset=\"https:\/\/crc.org.ar\/w\/wp-content\/uploads\/2017\/08\/Acto-Apertura-Argentina2-150x150.jpg 150w, https:\/\/crc.org.ar\/w\/wp-content\/uploads\/2017\/08\/Acto-Apertura-Argentina2-200x200.jpg 200w\" sizes=\"(max-width: 150px) 100vw, 150px\" \/><\/a>\n\t\t\t<\/div><\/figure><figure class='gallery-item'>\n\t\t\t<div class='gallery-icon landscape'>\n\t\t\t\t<a href='https:\/\/crc.org.ar\/w\/wp-content\/uploads\/2017\/08\/Acto-Apertura-Australia.jpg'><img loading=\"lazy\" decoding=\"async\" width=\"150\" height=\"150\" src=\"https:\/\/crc.org.ar\/w\/wp-content\/uploads\/2017\/08\/Acto-Apertura-Australia-150x150.jpg\" class=\"attachment-thumbnail size-thumbnail\" alt=\"\" srcset=\"https:\/\/crc.org.ar\/w\/wp-content\/uploads\/2017\/08\/Acto-Apertura-Australia-150x150.jpg 150w, https:\/\/crc.org.ar\/w\/wp-content\/uploads\/2017\/08\/Acto-Apertura-Australia-200x200.jpg 200w\" sizes=\"(max-width: 150px) 100vw, 150px\" \/><\/a>\n\t\t\t<\/div><\/figure><figure class='gallery-item'>\n\t\t\t<div class='gallery-icon landscape'>\n\t\t\t\t<a href='https:\/\/crc.org.ar\/w\/wp-content\/uploads\/2017\/08\/Acto-Apertura-bis.jpg'><img loading=\"lazy\" decoding=\"async\" width=\"150\" height=\"150\" src=\"https:\/\/crc.org.ar\/w\/wp-content\/uploads\/2017\/08\/Acto-Apertura-bis-150x150.jpg\" class=\"attachment-thumbnail size-thumbnail\" alt=\"\" srcset=\"https:\/\/crc.org.ar\/w\/wp-content\/uploads\/2017\/08\/Acto-Apertura-bis-150x150.jpg 150w, https:\/\/crc.org.ar\/w\/wp-content\/uploads\/2017\/08\/Acto-Apertura-bis-200x200.jpg 200w\" sizes=\"(max-width: 150px) 100vw, 150px\" \/><\/a>\n\t\t\t<\/div><\/figure><figure class='gallery-item'>\n\t\t\t<div class='gallery-icon landscape'>\n\t\t\t\t<a href='https:\/\/crc.org.ar\/w\/wp-content\/uploads\/2017\/08\/Acto-Apertura-Bolivia-Brasil.jpg'><img loading=\"lazy\" decoding=\"async\" width=\"150\" height=\"150\" src=\"https:\/\/crc.org.ar\/w\/wp-content\/uploads\/2017\/08\/Acto-Apertura-Bolivia-Brasil-150x150.jpg\" class=\"attachment-thumbnail size-thumbnail\" alt=\"\" srcset=\"https:\/\/crc.org.ar\/w\/wp-content\/uploads\/2017\/08\/Acto-Apertura-Bolivia-Brasil-150x150.jpg 150w, https:\/\/crc.org.ar\/w\/wp-content\/uploads\/2017\/08\/Acto-Apertura-Bolivia-Brasil-200x200.jpg 200w\" sizes=\"(max-width: 150px) 100vw, 150px\" \/><\/a>\n\t\t\t<\/div><\/figure><figure class='gallery-item'>\n\t\t\t<div class='gallery-icon landscape'>\n\t\t\t\t<a href='https:\/\/crc.org.ar\/w\/wp-content\/uploads\/2017\/08\/Acto-Apertura-Brasil-Colombia.jpg'><img loading=\"lazy\" decoding=\"async\" width=\"150\" height=\"150\" src=\"https:\/\/crc.org.ar\/w\/wp-content\/uploads\/2017\/08\/Acto-Apertura-Brasil-Colombia-150x150.jpg\" class=\"attachment-thumbnail size-thumbnail\" alt=\"\" srcset=\"https:\/\/crc.org.ar\/w\/wp-content\/uploads\/2017\/08\/Acto-Apertura-Brasil-Colombia-150x150.jpg 150w, https:\/\/crc.org.ar\/w\/wp-content\/uploads\/2017\/08\/Acto-Apertura-Brasil-Colombia-200x200.jpg 200w\" sizes=\"(max-width: 150px) 100vw, 150px\" \/><\/a>\n\t\t\t<\/div><\/figure><figure class='gallery-item'>\n\t\t\t<div class='gallery-icon landscape'>\n\t\t\t\t<a href='https:\/\/crc.org.ar\/w\/wp-content\/uploads\/2017\/08\/Acto-Apertura-Canada.jpg'><img loading=\"lazy\" decoding=\"async\" width=\"150\" height=\"150\" src=\"https:\/\/crc.org.ar\/w\/wp-content\/uploads\/2017\/08\/Acto-Apertura-Canada-150x150.jpg\" class=\"attachment-thumbnail size-thumbnail\" alt=\"\" srcset=\"https:\/\/crc.org.ar\/w\/wp-content\/uploads\/2017\/08\/Acto-Apertura-Canada-150x150.jpg 150w, https:\/\/crc.org.ar\/w\/wp-content\/uploads\/2017\/08\/Acto-Apertura-Canada-200x200.jpg 200w\" sizes=\"(max-width: 150px) 100vw, 150px\" \/><\/a>\n\t\t\t<\/div><\/figure><figure class='gallery-item'>\n\t\t\t<div class='gallery-icon landscape'>\n\t\t\t\t<a href='https:\/\/crc.org.ar\/w\/wp-content\/uploads\/2017\/08\/Acto-Apertura-Demarchi.jpg'><img loading=\"lazy\" decoding=\"async\" width=\"150\" height=\"150\" src=\"https:\/\/crc.org.ar\/w\/wp-content\/uploads\/2017\/08\/Acto-Apertura-Demarchi-150x150.jpg\" class=\"attachment-thumbnail size-thumbnail\" alt=\"\" srcset=\"https:\/\/crc.org.ar\/w\/wp-content\/uploads\/2017\/08\/Acto-Apertura-Demarchi-150x150.jpg 150w, https:\/\/crc.org.ar\/w\/wp-content\/uploads\/2017\/08\/Acto-Apertura-Demarchi-200x200.jpg 200w\" sizes=\"(max-width: 150px) 100vw, 150px\" \/><\/a>\n\t\t\t<\/div><\/figure><figure class='gallery-item'>\n\t\t\t<div class='gallery-icon landscape'>\n\t\t\t\t<a href='https:\/\/crc.org.ar\/w\/wp-content\/uploads\/2017\/08\/Acto-Apertura-GM.jpg'><img loading=\"lazy\" decoding=\"async\" width=\"150\" height=\"150\" src=\"https:\/\/crc.org.ar\/w\/wp-content\/uploads\/2017\/08\/Acto-Apertura-GM-150x150.jpg\" class=\"attachment-thumbnail size-thumbnail\" alt=\"\" srcset=\"https:\/\/crc.org.ar\/w\/wp-content\/uploads\/2017\/08\/Acto-Apertura-GM-150x150.jpg 150w, https:\/\/crc.org.ar\/w\/wp-content\/uploads\/2017\/08\/Acto-Apertura-GM-200x200.jpg 200w\" sizes=\"(max-width: 150px) 100vw, 150px\" \/><\/a>\n\t\t\t<\/div><\/figure><figure class='gallery-item'>\n\t\t\t<div class='gallery-icon landscape'>\n\t\t\t\t<a href='https:\/\/crc.org.ar\/w\/wp-content\/uploads\/2017\/08\/Acto-Apertura-GM1.jpg'><img loading=\"lazy\" decoding=\"async\" width=\"150\" height=\"150\" src=\"https:\/\/crc.org.ar\/w\/wp-content\/uploads\/2017\/08\/Acto-Apertura-GM1-150x150.jpg\" class=\"attachment-thumbnail size-thumbnail\" alt=\"\" srcset=\"https:\/\/crc.org.ar\/w\/wp-content\/uploads\/2017\/08\/Acto-Apertura-GM1-150x150.jpg 150w, https:\/\/crc.org.ar\/w\/wp-content\/uploads\/2017\/08\/Acto-Apertura-GM1-200x200.jpg 200w\" sizes=\"(max-width: 150px) 100vw, 150px\" \/><\/a>\n\t\t\t<\/div><\/figure><figure class='gallery-item'>\n\t\t\t<div class='gallery-icon landscape'>\n\t\t\t\t<a href='https:\/\/crc.org.ar\/w\/wp-content\/uploads\/2017\/08\/Acto-Apertura-GM-Demarchi.jpg'><img loading=\"lazy\" decoding=\"async\" width=\"150\" height=\"150\" src=\"https:\/\/crc.org.ar\/w\/wp-content\/uploads\/2017\/08\/Acto-Apertura-GM-Demarchi-150x150.jpg\" class=\"attachment-thumbnail size-thumbnail\" alt=\"\" srcset=\"https:\/\/crc.org.ar\/w\/wp-content\/uploads\/2017\/08\/Acto-Apertura-GM-Demarchi-150x150.jpg 150w, https:\/\/crc.org.ar\/w\/wp-content\/uploads\/2017\/08\/Acto-Apertura-GM-Demarchi-200x200.jpg 200w\" sizes=\"(max-width: 150px) 100vw, 150px\" \/><\/a>\n\t\t\t<\/div><\/figure><figure class='gallery-item'>\n\t\t\t<div class='gallery-icon landscape'>\n\t\t\t\t<a href='https:\/\/crc.org.ar\/w\/wp-content\/uploads\/2017\/08\/Acto-Apertura-Himno.jpg'><img loading=\"lazy\" decoding=\"async\" width=\"150\" height=\"150\" src=\"https:\/\/crc.org.ar\/w\/wp-content\/uploads\/2017\/08\/Acto-Apertura-Himno-150x150.jpg\" class=\"attachment-thumbnail size-thumbnail\" alt=\"\" srcset=\"https:\/\/crc.org.ar\/w\/wp-content\/uploads\/2017\/08\/Acto-Apertura-Himno-150x150.jpg 150w, https:\/\/crc.org.ar\/w\/wp-content\/uploads\/2017\/08\/Acto-Apertura-Himno-200x200.jpg 200w\" sizes=\"(max-width: 150px) 100vw, 150px\" \/><\/a>\n\t\t\t<\/div><\/figure><figure class='gallery-item'>\n\t\t\t<div class='gallery-icon landscape'>\n\t\t\t\t<a href='https:\/\/crc.org.ar\/w\/wp-content\/uploads\/2017\/08\/Acto-Apertura-Himno_1.jpg'><img loading=\"lazy\" decoding=\"async\" width=\"150\" height=\"150\" src=\"https:\/\/crc.org.ar\/w\/wp-content\/uploads\/2017\/08\/Acto-Apertura-Himno_1-150x150.jpg\" class=\"attachment-thumbnail size-thumbnail\" alt=\"\" srcset=\"https:\/\/crc.org.ar\/w\/wp-content\/uploads\/2017\/08\/Acto-Apertura-Himno_1-150x150.jpg 150w, https:\/\/crc.org.ar\/w\/wp-content\/uploads\/2017\/08\/Acto-Apertura-Himno_1-200x200.jpg 200w\" sizes=\"(max-width: 150px) 100vw, 150px\" \/><\/a>\n\t\t\t<\/div><\/figure><figure class='gallery-item'>\n\t\t\t<div class='gallery-icon landscape'>\n\t\t\t\t<a href='https:\/\/crc.org.ar\/w\/wp-content\/uploads\/2017\/08\/Acto-Apertura-Jade.jpg'><img loading=\"lazy\" decoding=\"async\" width=\"150\" height=\"150\" src=\"https:\/\/crc.org.ar\/w\/wp-content\/uploads\/2017\/08\/Acto-Apertura-Jade-150x150.jpg\" class=\"attachment-thumbnail size-thumbnail\" alt=\"\" srcset=\"https:\/\/crc.org.ar\/w\/wp-content\/uploads\/2017\/08\/Acto-Apertura-Jade-150x150.jpg 150w, https:\/\/crc.org.ar\/w\/wp-content\/uploads\/2017\/08\/Acto-Apertura-Jade-200x200.jpg 200w\" sizes=\"(max-width: 150px) 100vw, 150px\" \/><\/a>\n\t\t\t<\/div><\/figure><figure class='gallery-item'>\n\t\t\t<div class='gallery-icon landscape'>\n\t\t\t\t<a href='https:\/\/crc.org.ar\/w\/wp-content\/uploads\/2017\/08\/Acto-Apertura-Jade1.jpg'><img loading=\"lazy\" decoding=\"async\" width=\"150\" height=\"150\" src=\"https:\/\/crc.org.ar\/w\/wp-content\/uploads\/2017\/08\/Acto-Apertura-Jade1-150x150.jpg\" class=\"attachment-thumbnail size-thumbnail\" alt=\"\" srcset=\"https:\/\/crc.org.ar\/w\/wp-content\/uploads\/2017\/08\/Acto-Apertura-Jade1-150x150.jpg 150w, https:\/\/crc.org.ar\/w\/wp-content\/uploads\/2017\/08\/Acto-Apertura-Jade1-200x200.jpg 200w\" sizes=\"(max-width: 150px) 100vw, 150px\" \/><\/a>\n\t\t\t<\/div><\/figure><figure class='gallery-item'>\n\t\t\t<div class='gallery-icon landscape'>\n\t\t\t\t<a href='https:\/\/crc.org.ar\/w\/wp-content\/uploads\/2017\/08\/Acto-Apertura-Logo.jpg'><img loading=\"lazy\" decoding=\"async\" width=\"150\" height=\"150\" src=\"https:\/\/crc.org.ar\/w\/wp-content\/uploads\/2017\/08\/Acto-Apertura-Logo-150x150.jpg\" class=\"attachment-thumbnail size-thumbnail\" alt=\"\" srcset=\"https:\/\/crc.org.ar\/w\/wp-content\/uploads\/2017\/08\/Acto-Apertura-Logo-150x150.jpg 150w, https:\/\/crc.org.ar\/w\/wp-content\/uploads\/2017\/08\/Acto-Apertura-Logo-200x200.jpg 200w\" sizes=\"(max-width: 150px) 100vw, 150px\" \/><\/a>\n\t\t\t<\/div><\/figure><figure class='gallery-item'>\n\t\t\t<div class='gallery-icon landscape'>\n\t\t\t\t<a href='https:\/\/crc.org.ar\/w\/wp-content\/uploads\/2017\/08\/Acto-Apertura-logo1.jpg'><img loading=\"lazy\" decoding=\"async\" width=\"150\" height=\"150\" src=\"https:\/\/crc.org.ar\/w\/wp-content\/uploads\/2017\/08\/Acto-Apertura-logo1-150x150.jpg\" class=\"attachment-thumbnail size-thumbnail\" alt=\"\" srcset=\"https:\/\/crc.org.ar\/w\/wp-content\/uploads\/2017\/08\/Acto-Apertura-logo1-150x150.jpg 150w, https:\/\/crc.org.ar\/w\/wp-content\/uploads\/2017\/08\/Acto-Apertura-logo1-200x200.jpg 200w\" sizes=\"(max-width: 150px) 100vw, 150px\" \/><\/a>\n\t\t\t<\/div><\/figure><figure class='gallery-item'>\n\t\t\t<div class='gallery-icon landscape'>\n\t\t\t\t<a href='https:\/\/crc.org.ar\/w\/wp-content\/uploads\/2017\/08\/Acto-Apertura-paises.jpg'><img loading=\"lazy\" decoding=\"async\" width=\"150\" height=\"150\" src=\"https:\/\/crc.org.ar\/w\/wp-content\/uploads\/2017\/08\/Acto-Apertura-paises-150x150.jpg\" class=\"attachment-thumbnail size-thumbnail\" alt=\"\" srcset=\"https:\/\/crc.org.ar\/w\/wp-content\/uploads\/2017\/08\/Acto-Apertura-paises-150x150.jpg 150w, https:\/\/crc.org.ar\/w\/wp-content\/uploads\/2017\/08\/Acto-Apertura-paises-200x200.jpg 200w\" sizes=\"(max-width: 150px) 100vw, 150px\" \/><\/a>\n\t\t\t<\/div><\/figure><figure class='gallery-item'>\n\t\t\t<div class='gallery-icon landscape'>\n\t\t\t\t<a href='https:\/\/crc.org.ar\/w\/wp-content\/uploads\/2017\/08\/Acto-Apertura-paises1.jpg'><img loading=\"lazy\" decoding=\"async\" width=\"150\" height=\"150\" src=\"https:\/\/crc.org.ar\/w\/wp-content\/uploads\/2017\/08\/Acto-Apertura-paises1-150x150.jpg\" class=\"attachment-thumbnail size-thumbnail\" alt=\"\" srcset=\"https:\/\/crc.org.ar\/w\/wp-content\/uploads\/2017\/08\/Acto-Apertura-paises1-150x150.jpg 150w, https:\/\/crc.org.ar\/w\/wp-content\/uploads\/2017\/08\/Acto-Apertura-paises1-200x200.jpg 200w\" sizes=\"(max-width: 150px) 100vw, 150px\" \/><\/a>\n\t\t\t<\/div><\/figure><figure class='gallery-item'>\n\t\t\t<div class='gallery-icon landscape'>\n\t\t\t\t<a href='https:\/\/crc.org.ar\/w\/wp-content\/uploads\/2017\/08\/Acto-Apertura-Paraguay.jpg'><img loading=\"lazy\" decoding=\"async\" width=\"150\" height=\"150\" src=\"https:\/\/crc.org.ar\/w\/wp-content\/uploads\/2017\/08\/Acto-Apertura-Paraguay-150x150.jpg\" class=\"attachment-thumbnail size-thumbnail\" alt=\"\" srcset=\"https:\/\/crc.org.ar\/w\/wp-content\/uploads\/2017\/08\/Acto-Apertura-Paraguay-150x150.jpg 150w, https:\/\/crc.org.ar\/w\/wp-content\/uploads\/2017\/08\/Acto-Apertura-Paraguay-200x200.jpg 200w\" sizes=\"(max-width: 150px) 100vw, 150px\" \/><\/a>\n\t\t\t<\/div><\/figure><figure class='gallery-item'>\n\t\t\t<div class='gallery-icon landscape'>\n\t\t\t\t<a href='https:\/\/crc.org.ar\/w\/wp-content\/uploads\/2017\/08\/Acto-Apertura-Peru.jpg'><img loading=\"lazy\" decoding=\"async\" width=\"150\" height=\"150\" src=\"https:\/\/crc.org.ar\/w\/wp-content\/uploads\/2017\/08\/Acto-Apertura-Peru-150x150.jpg\" class=\"attachment-thumbnail size-thumbnail\" alt=\"\" srcset=\"https:\/\/crc.org.ar\/w\/wp-content\/uploads\/2017\/08\/Acto-Apertura-Peru-150x150.jpg 150w, https:\/\/crc.org.ar\/w\/wp-content\/uploads\/2017\/08\/Acto-Apertura-Peru-200x200.jpg 200w\" sizes=\"(max-width: 150px) 100vw, 150px\" \/><\/a>\n\t\t\t<\/div><\/figure><figure class='gallery-item'>\n\t\t\t<div class='gallery-icon landscape'>\n\t\t\t\t<a href='https:\/\/crc.org.ar\/w\/wp-content\/uploads\/2017\/08\/Acto-Apertura-Sudafrica.jpg'><img loading=\"lazy\" decoding=\"async\" width=\"150\" height=\"150\" src=\"https:\/\/crc.org.ar\/w\/wp-content\/uploads\/2017\/08\/Acto-Apertura-Sudafrica-150x150.jpg\" class=\"attachment-thumbnail size-thumbnail\" alt=\"\" srcset=\"https:\/\/crc.org.ar\/w\/wp-content\/uploads\/2017\/08\/Acto-Apertura-Sudafrica-150x150.jpg 150w, https:\/\/crc.org.ar\/w\/wp-content\/uploads\/2017\/08\/Acto-Apertura-Sudafrica-200x200.jpg 200w\" sizes=\"(max-width: 150px) 100vw, 150px\" \/><\/a>\n\t\t\t<\/div><\/figure><figure class='gallery-item'>\n\t\t\t<div class='gallery-icon landscape'>\n\t\t\t\t<a href='https:\/\/crc.org.ar\/w\/wp-content\/uploads\/2017\/08\/Acto-Apertura-Tassano.jpg'><img loading=\"lazy\" decoding=\"async\" width=\"150\" height=\"150\" src=\"https:\/\/crc.org.ar\/w\/wp-content\/uploads\/2017\/08\/Acto-Apertura-Tassano-150x150.jpg\" class=\"attachment-thumbnail size-thumbnail\" alt=\"\" srcset=\"https:\/\/crc.org.ar\/w\/wp-content\/uploads\/2017\/08\/Acto-Apertura-Tassano-150x150.jpg 150w, https:\/\/crc.org.ar\/w\/wp-content\/uploads\/2017\/08\/Acto-Apertura-Tassano-200x200.jpg 200w\" sizes=\"(max-width: 150px) 100vw, 150px\" \/><\/a>\n\t\t\t<\/div><\/figure><figure class='gallery-item'>\n\t\t\t<div class='gallery-icon landscape'>\n\t\t\t\t<a href='https:\/\/crc.org.ar\/w\/wp-content\/uploads\/2017\/08\/Acto-Apertura-Tassano1.jpg'><img loading=\"lazy\" decoding=\"async\" width=\"150\" height=\"150\" src=\"https:\/\/crc.org.ar\/w\/wp-content\/uploads\/2017\/08\/Acto-Apertura-Tassano1-150x150.jpg\" class=\"attachment-thumbnail size-thumbnail\" alt=\"\" srcset=\"https:\/\/crc.org.ar\/w\/wp-content\/uploads\/2017\/08\/Acto-Apertura-Tassano1-150x150.jpg 150w, https:\/\/crc.org.ar\/w\/wp-content\/uploads\/2017\/08\/Acto-Apertura-Tassano1-200x200.jpg 200w\" sizes=\"(max-width: 150px) 100vw, 150px\" \/><\/a>\n\t\t\t<\/div><\/figure><figure class='gallery-item'>\n\t\t\t<div class='gallery-icon landscape'>\n\t\t\t\t<a href='https:\/\/crc.org.ar\/w\/wp-content\/uploads\/2017\/08\/Acto-Apertura-Uruguay.jpg'><img loading=\"lazy\" decoding=\"async\" width=\"150\" height=\"150\" src=\"https:\/\/crc.org.ar\/w\/wp-content\/uploads\/2017\/08\/Acto-Apertura-Uruguay-150x150.jpg\" class=\"attachment-thumbnail size-thumbnail\" alt=\"\" srcset=\"https:\/\/crc.org.ar\/w\/wp-content\/uploads\/2017\/08\/Acto-Apertura-Uruguay-150x150.jpg 150w, https:\/\/crc.org.ar\/w\/wp-content\/uploads\/2017\/08\/Acto-Apertura-Uruguay-200x200.jpg 200w\" sizes=\"(max-width: 150px) 100vw, 150px\" \/><\/a>\n\t\t\t<\/div><\/figure><figure class='gallery-item'>\n\t\t\t<div class='gallery-icon landscape'>\n\t\t\t\t<a href='https:\/\/crc.org.ar\/w\/wp-content\/uploads\/2017\/08\/Acto-Apertura-Vignolo1.jpg'><img loading=\"lazy\" decoding=\"async\" width=\"150\" height=\"150\" src=\"https:\/\/crc.org.ar\/w\/wp-content\/uploads\/2017\/08\/Acto-Apertura-Vignolo1-150x150.jpg\" class=\"attachment-thumbnail size-thumbnail\" alt=\"\" srcset=\"https:\/\/crc.org.ar\/w\/wp-content\/uploads\/2017\/08\/Acto-Apertura-Vignolo1-150x150.jpg 150w, https:\/\/crc.org.ar\/w\/wp-content\/uploads\/2017\/08\/Acto-Apertura-Vignolo1-200x200.jpg 200w\" sizes=\"(max-width: 150px) 100vw, 150px\" \/><\/a>\n\t\t\t<\/div><\/figure><figure class='gallery-item'>\n\t\t\t<div class='gallery-icon landscape'>\n\t\t\t\t<a href='https:\/\/crc.org.ar\/w\/wp-content\/uploads\/2017\/08\/Acto-Apertura-Vignolo2.jpg'><img loading=\"lazy\" decoding=\"async\" width=\"150\" height=\"150\" src=\"https:\/\/crc.org.ar\/w\/wp-content\/uploads\/2017\/08\/Acto-Apertura-Vignolo2-150x150.jpg\" class=\"attachment-thumbnail size-thumbnail\" alt=\"\" srcset=\"https:\/\/crc.org.ar\/w\/wp-content\/uploads\/2017\/08\/Acto-Apertura-Vignolo2-150x150.jpg 150w, https:\/\/crc.org.ar\/w\/wp-content\/uploads\/2017\/08\/Acto-Apertura-Vignolo2-200x200.jpg 200w\" sizes=\"(max-width: 150px) 100vw, 150px\" \/><\/a>\n\t\t\t<\/div><\/figure><figure class='gallery-item'>\n\t\t\t<div class='gallery-icon landscape'>\n\t\t\t\t<a href='https:\/\/crc.org.ar\/w\/wp-content\/uploads\/2017\/08\/Acto-Equipos1.jpg'><img loading=\"lazy\" decoding=\"async\" width=\"150\" height=\"150\" src=\"https:\/\/crc.org.ar\/w\/wp-content\/uploads\/2017\/08\/Acto-Equipos1-150x150.jpg\" class=\"attachment-thumbnail size-thumbnail\" alt=\"\" srcset=\"https:\/\/crc.org.ar\/w\/wp-content\/uploads\/2017\/08\/Acto-Equipos1-150x150.jpg 150w, https:\/\/crc.org.ar\/w\/wp-content\/uploads\/2017\/08\/Acto-Equipos1-200x200.jpg 200w, https:\/\/crc.org.ar\/w\/wp-content\/uploads\/2017\/08\/Acto-Equipos1-450x449.jpg 450w\" sizes=\"(max-width: 150px) 100vw, 150px\" \/><\/a>\n\t\t\t<\/div><\/figure><figure class='gallery-item'>\n\t\t\t<div class='gallery-icon landscape'>\n\t\t\t\t<a href='https:\/\/crc.org.ar\/w\/wp-content\/uploads\/2017\/08\/Acto-Equipos2.jpg'><img loading=\"lazy\" decoding=\"async\" width=\"150\" height=\"150\" src=\"https:\/\/crc.org.ar\/w\/wp-content\/uploads\/2017\/08\/Acto-Equipos2-150x150.jpg\" class=\"attachment-thumbnail size-thumbnail\" alt=\"\" srcset=\"https:\/\/crc.org.ar\/w\/wp-content\/uploads\/2017\/08\/Acto-Equipos2-150x150.jpg 150w, https:\/\/crc.org.ar\/w\/wp-content\/uploads\/2017\/08\/Acto-Equipos2-200x200.jpg 200w\" sizes=\"(max-width: 150px) 100vw, 150px\" \/><\/a>\n\t\t\t<\/div><\/figure><figure class='gallery-item'>\n\t\t\t<div class='gallery-icon landscape'>\n\t\t\t\t<a href='https:\/\/crc.org.ar\/w\/wp-content\/uploads\/2017\/08\/Acto-Equipos3.jpg'><img loading=\"lazy\" decoding=\"async\" width=\"150\" height=\"150\" src=\"https:\/\/crc.org.ar\/w\/wp-content\/uploads\/2017\/08\/Acto-Equipos3-150x150.jpg\" class=\"attachment-thumbnail size-thumbnail\" alt=\"\" srcset=\"https:\/\/crc.org.ar\/w\/wp-content\/uploads\/2017\/08\/Acto-Equipos3-150x150.jpg 150w, https:\/\/crc.org.ar\/w\/wp-content\/uploads\/2017\/08\/Acto-Equipos3-200x200.jpg 200w\" sizes=\"(max-width: 150px) 100vw, 150px\" \/><\/a>\n\t\t\t<\/div><\/figure><figure class='gallery-item'>\n\t\t\t<div class='gallery-icon landscape'>\n\t\t\t\t<a href='https:\/\/crc.org.ar\/w\/wp-content\/uploads\/2017\/08\/Acto-jueces.jpg'><img loading=\"lazy\" decoding=\"async\" width=\"150\" height=\"150\" src=\"https:\/\/crc.org.ar\/w\/wp-content\/uploads\/2017\/08\/Acto-jueces-150x150.jpg\" class=\"attachment-thumbnail size-thumbnail\" alt=\"\" srcset=\"https:\/\/crc.org.ar\/w\/wp-content\/uploads\/2017\/08\/Acto-jueces-150x150.jpg 150w, https:\/\/crc.org.ar\/w\/wp-content\/uploads\/2017\/08\/Acto-jueces-200x200.jpg 200w\" sizes=\"(max-width: 150px) 100vw, 150px\" \/><\/a>\n\t\t\t<\/div><\/figure>\n\t\t<\/div>\n\n","protected":false},"excerpt":{"rendered":"<p>(Viernes 11 de agosto de 2017). Cerca del mediod\u00eda de este viernes se llev\u00f3 a cabo el Acto Apertura del Campeonato Mundial de Taekwondo Unificado 2017, con las m\u00e1ximas autoridades internacionales en el estadio del Club de Regatas Corrientes. \u201cBienvenidos chamigo a nuestro querido Taragu\u00ed\u201d, dijo el Ministro Carlos Vignolo para recibir a los ilustres &hellip;<\/p>\n","protected":false},"author":1,"featured_media":4428,"comment_status":"closed","ping_status":"open","sticky":false,"template":"","format":"standard","meta":{"footnotes":""},"categories":[125],"tags":[],"_links":{"self":[{"href":"https:\/\/crc.org.ar\/w\/wp-json\/wp\/v2\/posts\/4427"}],"collection":[{"href":"https:\/\/crc.org.ar\/w\/wp-json\/wp\/v2\/posts"}],"about":[{"href":"https:\/\/crc.org.ar\/w\/wp-json\/wp\/v2\/types\/post"}],"author":[{"embeddable":true,"href":"https:\/\/crc.org.ar\/w\/wp-json\/wp\/v2\/users\/1"}],"replies":[{"embeddable":true,"href":"https:\/\/crc.org.ar\/w\/wp-json\/wp\/v2\/comments?post=4427"}],"version-history":[{"count":2,"href":"https:\/\/crc.org.ar\/w\/wp-json\/wp\/v2\/posts\/4427\/revisions"}],"predecessor-version":[{"id":4469,"href":"https:\/\/crc.org.ar\/w\/wp-json\/wp\/v2\/posts\/4427\/revisions\/4469"}],"wp:featuredmedia":[{"embeddable":true,"href":"https:\/\/crc.org.ar\/w\/wp-json\/wp\/v2\/media\/4428"}],"wp:attachment":[{"href":"https:\/\/crc.org.ar\/w\/wp-json\/wp\/v2\/media?parent=4427"}],"wp:term":[{"taxonomy":"category","embeddable":true,"href":"https:\/\/crc.org.ar\/w\/wp-json\/wp\/v2\/categories?post=4427"},{"taxonomy":"post_tag","embeddable":true,"href":"https:\/\/crc.org.ar\/w\/wp-json\/wp\/v2\/tags?post=4427"}],"curies":[{"name":"wp","href":"https:\/\/api.w.org\/{rel}","templated":true}]}}