{"id":4520,"date":"2017-08-16T17:52:41","date_gmt":"2017-08-16T20:52:41","guid":{"rendered":"http:\/\/www.crc.org.ar\/w\/?p=4520"},"modified":"2017-08-17T10:01:40","modified_gmt":"2017-08-17T13:01:40","slug":"alejandro-vera-quedo-en-la-seleccion-nacional-para-el-paralimpico-brasilero","status":"publish","type":"post","link":"https:\/\/crc.org.ar\/w\/alejandro-vera-quedo-en-la-seleccion-nacional-para-el-paralimpico-brasilero\/","title":{"rendered":"Alejandro Vera qued\u00f3 en la selecci\u00f3n nacional para el Paral\u00edmpico Brasilero"},"content":{"rendered":"<p>(Mi\u00e9rcoles 16 de agosto de 2017). Tras el reciente Selectivo, que se llev\u00f3 a cabo el \u00faltimo fin de semana en Nordelta (Buenos Aires), el remero del Club de Regatas Corrientes, <strong>Alejandro Vera<\/strong>, fue confirmado en la Selecci\u00f3n nacional que competir\u00e1 en el Paral\u00edmpico Brasile\u00f1o, del 27 al 29 de octubre pr\u00f3ximo en San Pablo.<\/p>\n<p><!--more--><\/p>\n<p><strong>Carlos Wisoki <\/strong>y<strong> Alejandro Vera<\/strong>, en categor\u00eda AS; <strong>Braian Marsiglia<\/strong>, en la TA; y <strong>Pablo Geyer <\/strong>y<strong> Gracia Sosa <\/strong>en la LTA es la nomina dada a conocer por el cuerpo t\u00e9cnico nacional, encabezada por <strong>Esteban Briguglio<\/strong>, para conformar el Seleccionado Argentino.<\/p>\n<p><a href=\"http:\/\/www.crc.org.ar\/w\/wp-content\/uploads\/2017\/08\/Ale-Vera.jpg\"><img loading=\"lazy\" decoding=\"async\" class=\"alignleft size-medium wp-image-4521\" src=\"http:\/\/www.crc.org.ar\/w\/wp-content\/uploads\/2017\/08\/Ale-Vera-300x168.jpg\" alt=\"\" width=\"300\" height=\"168\" srcset=\"https:\/\/crc.org.ar\/w\/wp-content\/uploads\/2017\/08\/Ale-Vera-300x168.jpg 300w, https:\/\/crc.org.ar\/w\/wp-content\/uploads\/2017\/08\/Ale-Vera-768x431.jpg 768w, https:\/\/crc.org.ar\/w\/wp-content\/uploads\/2017\/08\/Ale-Vera-1024x575.jpg 1024w, https:\/\/crc.org.ar\/w\/wp-content\/uploads\/2017\/08\/Ale-Vera.jpg 1063w\" sizes=\"(max-width: 300px) 100vw, 300px\" \/><\/a>La convocatoria lleg\u00f3 tras un exigente Selectivo, llevado a cabo el \u00faltimo fin de semana en Nordelta (Buenos Aires), en donde se llev\u00f3 a cabo una evaluaci\u00f3n tanto en remoerg\u00f3metro y en el agua (2.000 metros).<\/p>\n<p>El remero del Club de Regatas Corrientes, <strong>Alejandro Vera<\/strong>, qued\u00f3 a segundos del experimentado y representante paral\u00edmpico <strong>Carlos Wisoki<\/strong>, por lo que estar\u00e1 en el Paral\u00edmpico Brasile\u00f1o, en San Pablo del 27 al 29 de octubre pr\u00f3ximo.<\/p>\n<p>Las tiradas, que se llevaron adelante en el Nordelta, en donde se llevar\u00e1n a cabo las pr\u00f3ximas concentraciones en septiembre y octubre, fueron supervisadas por el propio Briguglio, acompa\u00f1ado por <strong>Juan Rivarola<\/strong> (entrenador), y <strong>Mart\u00edn Caroso<\/strong> (ayudante).<\/p>\n<p>En realidad todo el staff t\u00e9cnico de remo adaptado de la Asociaci\u00f3n Argentina de Remeros Aficionados (AARA) estuvo presente ya que se realiz\u00f3 una evaluaci\u00f3n con mucho profesionalismo, con trabajos inclusive con GPS, para que todo sea exacto, milim\u00e9trico.<\/p>\n<p>Por otra parte qued\u00f3 confirmado que el head coach de la Selecci\u00f3n Nacional estar\u00e1 a fines de agosto en Corrientes para entrenar unos d\u00edas con Vera, en un seguimiento personalizado para \u00a0que el remero regatense siga en su franca evoluci\u00f3n.<\/p>\n<p>De esta manera Vera logr\u00f3 uno de los objetivos que se plante\u00f3 en la temporada, que era llegar al Paral\u00edmpico Brasile\u00f1o, antesala del Campeonato Argentino en donde buscar\u00e1 destronar al uno de la categor\u00eda, Wisoki.<\/p>\n<p>Recordemos que <strong>Alejandro Vera<\/strong> cuanta actualmente con el apoyo incondicional de Servicios Profesionales Veterinarios, Gobierno de la Provincia y el Club de Regatas Corrientes.<\/p>\n<p>Adem\u00e1s de estar llevando adelante la iniciativa, si consigue los fondos necesarios, para comprar remos australianos de la marca Croker, y que actualmente son inaccesibles, por su elevado costo.<\/p>\n","protected":false},"excerpt":{"rendered":"<p>(Mi\u00e9rcoles 16 de agosto de 2017). Tras el reciente Selectivo, que se llev\u00f3 a cabo el \u00faltimo fin de semana en Nordelta (Buenos Aires), el remero del Club de Regatas Corrientes, Alejandro Vera, fue confirmado en la Selecci\u00f3n nacional que competir\u00e1 en el Paral\u00edmpico Brasile\u00f1o, del 27 al 29 de octubre pr\u00f3ximo en San Pablo. &hellip;<\/p>\n","protected":false},"author":1,"featured_media":4521,"comment_status":"closed","ping_status":"open","sticky":false,"template":"","format":"standard","meta":{"footnotes":""},"categories":[18],"tags":[],"_links":{"self":[{"href":"https:\/\/crc.org.ar\/w\/wp-json\/wp\/v2\/posts\/4520"}],"collection":[{"href":"https:\/\/crc.org.ar\/w\/wp-json\/wp\/v2\/posts"}],"about":[{"href":"https:\/\/crc.org.ar\/w\/wp-json\/wp\/v2\/types\/post"}],"author":[{"embeddable":true,"href":"https:\/\/crc.org.ar\/w\/wp-json\/wp\/v2\/users\/1"}],"replies":[{"embeddable":true,"href":"https:\/\/crc.org.ar\/w\/wp-json\/wp\/v2\/comments?post=4520"}],"version-history":[{"count":1,"href":"https:\/\/crc.org.ar\/w\/wp-json\/wp\/v2\/posts\/4520\/revisions"}],"predecessor-version":[{"id":4522,"href":"https:\/\/crc.org.ar\/w\/wp-json\/wp\/v2\/posts\/4520\/revisions\/4522"}],"wp:featuredmedia":[{"embeddable":true,"href":"https:\/\/crc.org.ar\/w\/wp-json\/wp\/v2\/media\/4521"}],"wp:attachment":[{"href":"https:\/\/crc.org.ar\/w\/wp-json\/wp\/v2\/media?parent=4520"}],"wp:term":[{"taxonomy":"category","embeddable":true,"href":"https:\/\/crc.org.ar\/w\/wp-json\/wp\/v2\/categories?post=4520"},{"taxonomy":"post_tag","embeddable":true,"href":"https:\/\/crc.org.ar\/w\/wp-json\/wp\/v2\/tags?post=4520"}],"curies":[{"name":"wp","href":"https:\/\/api.w.org\/{rel}","templated":true}]}}