{"id":4565,"date":"2017-08-17T19:51:31","date_gmt":"2017-08-17T22:51:31","guid":{"rendered":"http:\/\/www.crc.org.ar\/w\/?p=4565"},"modified":"2017-08-17T19:51:31","modified_gmt":"2017-08-17T22:51:31","slug":"regatas-rumbo-a-paraguay-para-competir-en-la-tercera-fecha-del-campeonato-nacional","status":"publish","type":"post","link":"https:\/\/crc.org.ar\/w\/regatas-rumbo-a-paraguay-para-competir-en-la-tercera-fecha-del-campeonato-nacional\/","title":{"rendered":"Regatas rumbo a Paraguay para competir en la tercera fecha del Campeonato Nacional"},"content":{"rendered":"<p>(Jueves 17 de agosto de 2017). El equipo promocional y federado de remo del Club de Regatas Corrientes viajar\u00e1 este viernes a Asunci\u00f3n del Paraguay, para disputar el s\u00e1bado la tercera fecha del Campeonato Nacional del vecino pa\u00eds.<\/p>\n<p><!--more--><\/p>\n<p><a href=\"http:\/\/www.crc.org.ar\/w\/wp-content\/uploads\/2017\/08\/crc-promocional.jpg\"><img loading=\"lazy\" decoding=\"async\" class=\"alignleft size-medium wp-image-4567\" src=\"http:\/\/www.crc.org.ar\/w\/wp-content\/uploads\/2017\/08\/crc-promocional-300x270.jpg\" alt=\"\" width=\"300\" height=\"270\" srcset=\"https:\/\/crc.org.ar\/w\/wp-content\/uploads\/2017\/08\/crc-promocional-300x270.jpg 300w, https:\/\/crc.org.ar\/w\/wp-content\/uploads\/2017\/08\/crc-promocional.jpg 709w\" sizes=\"(max-width: 300px) 100vw, 300px\" \/><\/a>En la hist\u00f3rica y tradicional Bah\u00eda de Asunci\u00f3n del Paraguay, habr\u00e1 este s\u00e1bado una intensa actividad de remo del que participar\u00e1 el equipo promocional y federado del Club de Regatas Corrientes.<\/p>\n<p>En la oportunidad se disputar\u00e1 la tercera fecha del Campeonato Nacional de remo del vecino pa\u00eds, organizado por la Federaci\u00f3n Paraguaya de Remo, que cuenta con el apoyo del Comit\u00e9 Ol\u00edmpico Paraguayo y la Secretaria Nacional de Deportes de Paraguay.<\/p>\n<p>La delegaci\u00f3n regatense, que estar\u00e1 viajando este viernes desde el parque Mitre a las 6.30 horas, estar\u00e1 presidida por el dirigente Guillermo Jacobo, junto a la entrenadora Mar\u00eda P\u00eda Pividori.<\/p>\n<p>En tanto que los remeros ser\u00e1n Lisandro Arce, Mar\u00eda Luz Fedullo, Mar\u00eda Paz Adis, Antonio M\u00e9ndez, Esteban Ib\u00e1\u00f1ez, Sara Gianeselli, Diego Moreira, Gast\u00f3n Alfonso, Oriana Blundetto, Maximiliano Reischer, Tom\u00e1s Romero, Patricio Frettes, y Ren\u00e9 Ben\u00edtez.<\/p>\n","protected":false},"excerpt":{"rendered":"<p>(Jueves 17 de agosto de 2017). El equipo promocional y federado de remo del Club de Regatas Corrientes viajar\u00e1 este viernes a Asunci\u00f3n del Paraguay, para disputar el s\u00e1bado la tercera fecha del Campeonato Nacional del vecino pa\u00eds. En la hist\u00f3rica y tradicional Bah\u00eda de Asunci\u00f3n del Paraguay, habr\u00e1 este s\u00e1bado una intensa actividad de &hellip;<\/p>\n","protected":false},"author":1,"featured_media":4566,"comment_status":"closed","ping_status":"open","sticky":false,"template":"","format":"standard","meta":{"footnotes":""},"categories":[18],"tags":[],"_links":{"self":[{"href":"https:\/\/crc.org.ar\/w\/wp-json\/wp\/v2\/posts\/4565"}],"collection":[{"href":"https:\/\/crc.org.ar\/w\/wp-json\/wp\/v2\/posts"}],"about":[{"href":"https:\/\/crc.org.ar\/w\/wp-json\/wp\/v2\/types\/post"}],"author":[{"embeddable":true,"href":"https:\/\/crc.org.ar\/w\/wp-json\/wp\/v2\/users\/1"}],"replies":[{"embeddable":true,"href":"https:\/\/crc.org.ar\/w\/wp-json\/wp\/v2\/comments?post=4565"}],"version-history":[{"count":1,"href":"https:\/\/crc.org.ar\/w\/wp-json\/wp\/v2\/posts\/4565\/revisions"}],"predecessor-version":[{"id":4568,"href":"https:\/\/crc.org.ar\/w\/wp-json\/wp\/v2\/posts\/4565\/revisions\/4568"}],"wp:featuredmedia":[{"embeddable":true,"href":"https:\/\/crc.org.ar\/w\/wp-json\/wp\/v2\/media\/4566"}],"wp:attachment":[{"href":"https:\/\/crc.org.ar\/w\/wp-json\/wp\/v2\/media?parent=4565"}],"wp:term":[{"taxonomy":"category","embeddable":true,"href":"https:\/\/crc.org.ar\/w\/wp-json\/wp\/v2\/categories?post=4565"},{"taxonomy":"post_tag","embeddable":true,"href":"https:\/\/crc.org.ar\/w\/wp-json\/wp\/v2\/tags?post=4565"}],"curies":[{"name":"wp","href":"https:\/\/api.w.org\/{rel}","templated":true}]}}