{"id":4604,"date":"2017-08-18T10:41:08","date_gmt":"2017-08-18T13:41:08","guid":{"rendered":"http:\/\/www.crc.org.ar\/w\/?p=4604"},"modified":"2017-08-18T10:41:08","modified_gmt":"2017-08-18T13:41:08","slug":"fue-postergada-la-tercera-fecha-del-campeonato-nacional-de-paraguay","status":"publish","type":"post","link":"https:\/\/crc.org.ar\/w\/fue-postergada-la-tercera-fecha-del-campeonato-nacional-de-paraguay\/","title":{"rendered":"Fue postergada la tercera fecha del Campeonato Nacional de Paraguay"},"content":{"rendered":"<p>(Viernes 18 de agosto de 2017). Finalmente la tercera fecha del Campeonato Nacional de remo de Paraguay, que deb\u00eda realizarse este s\u00e1bado en la Bah\u00eda de Asunci\u00f3n, fue postergada por los anuncios de condiciones clim\u00e1ticas adversas, seg\u00fan inform\u00f3 la Federaci\u00f3n Paraguaya de Remo.<\/p>\n<p><!--more--><\/p>\n<p><a href=\"http:\/\/www.crc.org.ar\/w\/wp-content\/uploads\/2017\/08\/romero.jpg\"><img loading=\"lazy\" decoding=\"async\" class=\"alignleft size-medium wp-image-4605\" src=\"http:\/\/www.crc.org.ar\/w\/wp-content\/uploads\/2017\/08\/romero-300x159.jpg\" alt=\"\" width=\"300\" height=\"159\" srcset=\"https:\/\/crc.org.ar\/w\/wp-content\/uploads\/2017\/08\/romero-300x159.jpg 300w, https:\/\/crc.org.ar\/w\/wp-content\/uploads\/2017\/08\/romero-768x407.jpg 768w, https:\/\/crc.org.ar\/w\/wp-content\/uploads\/2017\/08\/romero-1024x543.jpg 1024w, https:\/\/crc.org.ar\/w\/wp-content\/uploads\/2017\/08\/romero-310x165.jpg 310w, https:\/\/crc.org.ar\/w\/wp-content\/uploads\/2017\/08\/romero.jpg 2008w\" sizes=\"(max-width: 300px) 100vw, 300px\" \/><\/a>La nota textual de la postergaci\u00f3n se\u00f1ala: \u201cMe dirijo a ustedes a pedido del\u00a0 Comit\u00e9 Ejecutivo de\u00a0 la Federaci\u00f3n, para comunicar la postergaci\u00f3n de la tercera fecha del Campeonato Nacional, por los anuncios\u00a0 meteorol\u00f3gicos que indican condiciones adversas para la realizaci\u00f3n de las regatas, la misma se realizara el d\u00eda s\u00e1bado 26 de agosto, respetando las inscripciones y el sorteo ya realizado, atentamente <strong>Rita Correa<\/strong> (FEPARE)\u201d.<\/p>\n<p>Por este motivo la delegaci\u00f3n regatense, que ten\u00eda previsto viajar este viernes desde el parque Mitre a las 6.30 horas, con el dirigente <strong>Guillermo Jacobo<\/strong> y la entrenadora <strong>Mar\u00eda P\u00eda Pividori, <\/strong>cancel\u00f3 el viaje y ver\u00e1 \u2013por cuestiones log\u00edsticas y de calendario- si podr\u00e1 asistir el s\u00e1bado 26.<\/p>\n<p>Los remeros que ib\u00e1n a viajar eran: <strong>Lisandro Arce, Mar\u00eda Luz Fedullo, Mar\u00eda Paz Adis, Antonio M\u00e9ndez, Esteban Ib\u00e1\u00f1ez, Sara Gianeselli, Diego Moreira, Gast\u00f3n Alfonso, Oriana Blundetto, Maximiliano Reischer, Tom\u00e1s Romero, Patricio Frettes, <\/strong>y<strong> Ren\u00e9 Ben\u00edtez.<\/strong>.<\/p>\n","protected":false},"excerpt":{"rendered":"<p>(Viernes 18 de agosto de 2017). Finalmente la tercera fecha del Campeonato Nacional de remo de Paraguay, que deb\u00eda realizarse este s\u00e1bado en la Bah\u00eda de Asunci\u00f3n, fue postergada por los anuncios de condiciones clim\u00e1ticas adversas, seg\u00fan inform\u00f3 la Federaci\u00f3n Paraguaya de Remo. La nota textual de la postergaci\u00f3n se\u00f1ala: \u201cMe dirijo a ustedes a &hellip;<\/p>\n","protected":false},"author":1,"featured_media":4605,"comment_status":"closed","ping_status":"open","sticky":false,"template":"","format":"standard","meta":{"footnotes":""},"categories":[18],"tags":[],"_links":{"self":[{"href":"https:\/\/crc.org.ar\/w\/wp-json\/wp\/v2\/posts\/4604"}],"collection":[{"href":"https:\/\/crc.org.ar\/w\/wp-json\/wp\/v2\/posts"}],"about":[{"href":"https:\/\/crc.org.ar\/w\/wp-json\/wp\/v2\/types\/post"}],"author":[{"embeddable":true,"href":"https:\/\/crc.org.ar\/w\/wp-json\/wp\/v2\/users\/1"}],"replies":[{"embeddable":true,"href":"https:\/\/crc.org.ar\/w\/wp-json\/wp\/v2\/comments?post=4604"}],"version-history":[{"count":1,"href":"https:\/\/crc.org.ar\/w\/wp-json\/wp\/v2\/posts\/4604\/revisions"}],"predecessor-version":[{"id":4606,"href":"https:\/\/crc.org.ar\/w\/wp-json\/wp\/v2\/posts\/4604\/revisions\/4606"}],"wp:featuredmedia":[{"embeddable":true,"href":"https:\/\/crc.org.ar\/w\/wp-json\/wp\/v2\/media\/4605"}],"wp:attachment":[{"href":"https:\/\/crc.org.ar\/w\/wp-json\/wp\/v2\/media?parent=4604"}],"wp:term":[{"taxonomy":"category","embeddable":true,"href":"https:\/\/crc.org.ar\/w\/wp-json\/wp\/v2\/categories?post=4604"},{"taxonomy":"post_tag","embeddable":true,"href":"https:\/\/crc.org.ar\/w\/wp-json\/wp\/v2\/tags?post=4604"}],"curies":[{"name":"wp","href":"https:\/\/api.w.org\/{rel}","templated":true}]}}