{"id":4623,"date":"2017-08-20T00:09:19","date_gmt":"2017-08-20T03:09:19","guid":{"rendered":"http:\/\/www.crc.org.ar\/w\/?p=4623"},"modified":"2017-08-20T00:09:19","modified_gmt":"2017-08-20T03:09:19","slug":"felix-astorga-en-campus-nacional-entrenamiento-nacional-en-cordoba","status":"publish","type":"post","link":"https:\/\/crc.org.ar\/w\/felix-astorga-en-campus-nacional-entrenamiento-nacional-en-cordoba\/","title":{"rendered":"F\u00e9lix Astorga en Campus Nacional entrenamiento nacional en C\u00f3rdoba"},"content":{"rendered":"<p>(S\u00e1bado 19 de agosto de 2017). El judoca del Club de Regatas Corrientes, F\u00e9lix Astorga, se encuentra concentrado en el Campus de Entrenamiento Nacional de la Confederaci\u00f3n Argentina de Judo (CAJ), en Villa Alta C\u00f3rdoba.<\/p>\n<p><!--more--><\/p>\n<p>El Club de Regatas Corrientes sigue desparramando deportistas por todo el pa\u00eds y el mundo, en este caso en particular se trata del judoca F\u00e9lix Astorga que sigue en la consideraci\u00f3n de la Confederaci\u00f3n Argentina de Judo (CAJ).<\/p>\n<p><strong><a href=\"http:\/\/www.crc.org.ar\/w\/wp-content\/uploads\/2017\/07\/Felix-Astorga.jpeg\"><img loading=\"lazy\" decoding=\"async\" class=\"alignleft size-medium wp-image-4197\" src=\"http:\/\/www.crc.org.ar\/w\/wp-content\/uploads\/2017\/07\/Felix-Astorga-266x300.jpeg\" alt=\"\" width=\"266\" height=\"300\" srcset=\"https:\/\/crc.org.ar\/w\/wp-content\/uploads\/2017\/07\/Felix-Astorga-266x300.jpeg 266w, https:\/\/crc.org.ar\/w\/wp-content\/uploads\/2017\/07\/Felix-Astorga.jpeg 591w\" sizes=\"(max-width: 266px) 100vw, 266px\" \/><\/a>F\u00e9lix Astorga<\/strong>, se encuentra en el Campus Nacional de concentraci\u00f3n, establecido por la Direcci\u00f3n T\u00e9cnica Nacional de la Confederaci\u00f3n Argentina de Judo (CAJ), reservado para las categor\u00edas Infantil \u201cA\u201d y \u201cB\u201d.<\/p>\n<p>En el Campus, de desarrollo t\u00e9cnico, se realiza en las instalaciones de la Colonia de Vacaciones de \u201cJos\u00e9 Mar\u00eda Paz\u201d de la ciudad de Alta Gracia, C\u00f3rdoba, y se prolongar\u00e1 hasta el lunes aprovechando el feriado nacional.<\/p>\n<p>Por decisi\u00f3n de la Direcci\u00f3n T\u00e9cnica Nacional, el Top Evaluativo (combates estilo campeonatos, se realizar\u00e1 a puertas cerradas, salvo el head coach del club o del judoca, sin excepci\u00f3n.<\/p>\n<p>Recordemos que los Campus Nacionales son muy importantes, porque son uno de los par\u00e1metros tenidos en cuenta para la conformaci\u00f3n de los seleccionados nacionales; como as\u00ed tambi\u00e9n los Nacionales, Apertura y Clausura, que configuran un ranking.<\/p>\n<p>De all\u00ed que el judo m\u00e1s selecto del pa\u00eds se encuentran concentrado en los Campus, como el regatense que viene de quedarse con el Centro de la Rep\u00fablica, tambi\u00e9n en C\u00f3rdoba, en la categor\u00eda Infantil \u201cA\u201d hasta 44 kilogramos.<\/p>\n<p>En la concentraci\u00f3n, adem\u00e1s, se eval\u00faan otras pautas, como compromiso individual y grupal, comportamiento de acuerdo a las normas \u00e9ticas del judo dentro y fuera del dojo, respeto a las consignas de trabajo y de convivencia, entre otros.<\/p>\n<p>De all\u00ed que el judo del Club de Regatas Corrientes vuelve a estar en lo m\u00e1s alto de la consideraci\u00f3n nacional y con una nueva gran oportunidad de ganarse un lugar en los equipos nacionales.<\/p>\n","protected":false},"excerpt":{"rendered":"<p>(S\u00e1bado 19 de agosto de 2017). El judoca del Club de Regatas Corrientes, F\u00e9lix Astorga, se encuentra concentrado en el Campus de Entrenamiento Nacional de la Confederaci\u00f3n Argentina de Judo (CAJ), en Villa Alta C\u00f3rdoba. El Club de Regatas Corrientes sigue desparramando deportistas por todo el pa\u00eds y el mundo, en este caso en particular &hellip;<\/p>\n","protected":false},"author":1,"featured_media":4197,"comment_status":"closed","ping_status":"open","sticky":false,"template":"","format":"standard","meta":{"footnotes":""},"categories":[17],"tags":[],"_links":{"self":[{"href":"https:\/\/crc.org.ar\/w\/wp-json\/wp\/v2\/posts\/4623"}],"collection":[{"href":"https:\/\/crc.org.ar\/w\/wp-json\/wp\/v2\/posts"}],"about":[{"href":"https:\/\/crc.org.ar\/w\/wp-json\/wp\/v2\/types\/post"}],"author":[{"embeddable":true,"href":"https:\/\/crc.org.ar\/w\/wp-json\/wp\/v2\/users\/1"}],"replies":[{"embeddable":true,"href":"https:\/\/crc.org.ar\/w\/wp-json\/wp\/v2\/comments?post=4623"}],"version-history":[{"count":1,"href":"https:\/\/crc.org.ar\/w\/wp-json\/wp\/v2\/posts\/4623\/revisions"}],"predecessor-version":[{"id":4624,"href":"https:\/\/crc.org.ar\/w\/wp-json\/wp\/v2\/posts\/4623\/revisions\/4624"}],"wp:featuredmedia":[{"embeddable":true,"href":"https:\/\/crc.org.ar\/w\/wp-json\/wp\/v2\/media\/4197"}],"wp:attachment":[{"href":"https:\/\/crc.org.ar\/w\/wp-json\/wp\/v2\/media?parent=4623"}],"wp:term":[{"taxonomy":"category","embeddable":true,"href":"https:\/\/crc.org.ar\/w\/wp-json\/wp\/v2\/categories?post=4623"},{"taxonomy":"post_tag","embeddable":true,"href":"https:\/\/crc.org.ar\/w\/wp-json\/wp\/v2\/tags?post=4623"}],"curies":[{"name":"wp","href":"https:\/\/api.w.org\/{rel}","templated":true}]}}