{"id":4746,"date":"2017-08-29T10:30:38","date_gmt":"2017-08-29T13:30:38","guid":{"rendered":"http:\/\/www.crc.org.ar\/w\/?p=4746"},"modified":"2017-08-29T10:33:57","modified_gmt":"2017-08-29T13:33:57","slug":"brillante-actuacion-de-regatas-en-la-copa-chaco-en-resistencia","status":"publish","type":"post","link":"https:\/\/crc.org.ar\/w\/brillante-actuacion-de-regatas-en-la-copa-chaco-en-resistencia\/","title":{"rendered":"Brillante actuaci\u00f3n de Regatas en la Copa Chaco en Resistencia"},"content":{"rendered":"<p>(Martes 29 de agosto de 2017). El equipo de judo del Club de Regatas Corrientes tuvo una brillante actuaci\u00f3n en el torneo Mercosur, \u201cCopa Chaco\u201d, que se llev\u00f3 a cabo el \u00faltimo s\u00e1bado en el Centro Deportivo Don Bosco de Resistencia, en donde alcanz\u00f3 21 preseas, 13 de oro, 6 de plata y 2 de bronce.<\/p>\n<p><!--more--><\/p>\n<p>Preseas de todos los locales, que llegaron a 21, cosech\u00f3 el equipo de judo del Club de Regatas Corrientes en el Torneo Mercosur, \u201cCopa Chaco\u201d, organizado por la renaciente Federaci\u00f3n Chaque\u00f1a de Judo.<\/p>\n<p>La competencia, que congreg\u00f3 a m\u00e1s de 200 judocas de Formosa, Misiones, Corrientes y Chaco se llev\u00f3 a cabo el \u00faltimo s\u00e1bado en el Centro Deportivo Don Bosco de la ciudad de Resistencia.<\/p>\n<div id='gallery-1' class='gallery galleryid-4746 gallery-columns-6 gallery-size-thumbnail'><figure class='gallery-item'>\n\t\t\t<div class='gallery-icon portrait'>\n\t\t\t\t<a href='https:\/\/crc.org.ar\/w\/wp-content\/uploads\/2017\/08\/Agustina-Rodriguez-Medina.jpg'><img loading=\"lazy\" decoding=\"async\" width=\"150\" height=\"150\" src=\"https:\/\/crc.org.ar\/w\/wp-content\/uploads\/2017\/08\/Agustina-Rodriguez-Medina-150x150.jpg\" class=\"attachment-thumbnail size-thumbnail\" alt=\"\" srcset=\"https:\/\/crc.org.ar\/w\/wp-content\/uploads\/2017\/08\/Agustina-Rodriguez-Medina-150x150.jpg 150w, https:\/\/crc.org.ar\/w\/wp-content\/uploads\/2017\/08\/Agustina-Rodriguez-Medina-300x300.jpg 300w, https:\/\/crc.org.ar\/w\/wp-content\/uploads\/2017\/08\/Agustina-Rodriguez-Medina-200x200.jpg 200w, https:\/\/crc.org.ar\/w\/wp-content\/uploads\/2017\/08\/Agustina-Rodriguez-Medina.jpg 709w\" sizes=\"(max-width: 150px) 100vw, 150px\" \/><\/a>\n\t\t\t<\/div><\/figure><figure class='gallery-item'>\n\t\t\t<div class='gallery-icon landscape'>\n\t\t\t\t<a href='https:\/\/crc.org.ar\/w\/wp-content\/uploads\/2017\/08\/Agustina-Rodriguez-Medina-Pablo-Mario-Rey.jpg'><img loading=\"lazy\" decoding=\"async\" width=\"150\" height=\"150\" src=\"https:\/\/crc.org.ar\/w\/wp-content\/uploads\/2017\/08\/Agustina-Rodriguez-Medina-Pablo-Mario-Rey-150x150.jpg\" class=\"attachment-thumbnail size-thumbnail\" alt=\"\" srcset=\"https:\/\/crc.org.ar\/w\/wp-content\/uploads\/2017\/08\/Agustina-Rodriguez-Medina-Pablo-Mario-Rey-150x150.jpg 150w, https:\/\/crc.org.ar\/w\/wp-content\/uploads\/2017\/08\/Agustina-Rodriguez-Medina-Pablo-Mario-Rey-300x300.jpg 300w, https:\/\/crc.org.ar\/w\/wp-content\/uploads\/2017\/08\/Agustina-Rodriguez-Medina-Pablo-Mario-Rey-768x768.jpg 768w, https:\/\/crc.org.ar\/w\/wp-content\/uploads\/2017\/08\/Agustina-Rodriguez-Medina-Pablo-Mario-Rey-200x200.jpg 200w, https:\/\/crc.org.ar\/w\/wp-content\/uploads\/2017\/08\/Agustina-Rodriguez-Medina-Pablo-Mario-Rey.jpg 827w\" sizes=\"(max-width: 150px) 100vw, 150px\" \/><\/a>\n\t\t\t<\/div><\/figure><figure class='gallery-item'>\n\t\t\t<div class='gallery-icon portrait'>\n\t\t\t\t<a href='https:\/\/crc.org.ar\/w\/wp-content\/uploads\/2017\/08\/benjaMario-Agustina.jpeg'><img loading=\"lazy\" decoding=\"async\" width=\"150\" height=\"150\" src=\"https:\/\/crc.org.ar\/w\/wp-content\/uploads\/2017\/08\/benjaMario-Agustina-150x150.jpeg\" class=\"attachment-thumbnail size-thumbnail\" alt=\"\" srcset=\"https:\/\/crc.org.ar\/w\/wp-content\/uploads\/2017\/08\/benjaMario-Agustina-150x150.jpeg 150w, https:\/\/crc.org.ar\/w\/wp-content\/uploads\/2017\/08\/benjaMario-Agustina-200x200.jpeg 200w\" sizes=\"(max-width: 150px) 100vw, 150px\" \/><\/a>\n\t\t\t<\/div><\/figure><figure class='gallery-item'>\n\t\t\t<div class='gallery-icon portrait'>\n\t\t\t\t<a href='https:\/\/crc.org.ar\/w\/wp-content\/uploads\/2017\/08\/Maria-Saber.jpg'><img loading=\"lazy\" decoding=\"async\" width=\"150\" height=\"150\" src=\"https:\/\/crc.org.ar\/w\/wp-content\/uploads\/2017\/08\/Maria-Saber-150x150.jpg\" class=\"attachment-thumbnail size-thumbnail\" alt=\"\" srcset=\"https:\/\/crc.org.ar\/w\/wp-content\/uploads\/2017\/08\/Maria-Saber-150x150.jpg 150w, https:\/\/crc.org.ar\/w\/wp-content\/uploads\/2017\/08\/Maria-Saber-200x200.jpg 200w\" sizes=\"(max-width: 150px) 100vw, 150px\" \/><\/a>\n\t\t\t<\/div><\/figure><figure class='gallery-item'>\n\t\t\t<div class='gallery-icon landscape'>\n\t\t\t\t<a href='https:\/\/crc.org.ar\/w\/wp-content\/uploads\/2017\/08\/promocionales.jpeg'><img loading=\"lazy\" decoding=\"async\" width=\"150\" height=\"150\" src=\"https:\/\/crc.org.ar\/w\/wp-content\/uploads\/2017\/08\/promocionales-150x150.jpeg\" class=\"attachment-thumbnail size-thumbnail\" alt=\"\" srcset=\"https:\/\/crc.org.ar\/w\/wp-content\/uploads\/2017\/08\/promocionales-150x150.jpeg 150w, https:\/\/crc.org.ar\/w\/wp-content\/uploads\/2017\/08\/promocionales-200x200.jpeg 200w\" sizes=\"(max-width: 150px) 100vw, 150px\" \/><\/a>\n\t\t\t<\/div><\/figure><figure class='gallery-item'>\n\t\t\t<div class='gallery-icon landscape'>\n\t\t\t\t<a href='https:\/\/crc.org.ar\/w\/wp-content\/uploads\/2017\/08\/Rodrigo-y-Agust\u00edn-insaurralde-Felix-Astorga.jpeg'><img loading=\"lazy\" decoding=\"async\" width=\"150\" height=\"150\" src=\"https:\/\/crc.org.ar\/w\/wp-content\/uploads\/2017\/08\/Rodrigo-y-Agust\u00edn-insaurralde-Felix-Astorga-150x150.jpeg\" class=\"attachment-thumbnail size-thumbnail\" alt=\"\" srcset=\"https:\/\/crc.org.ar\/w\/wp-content\/uploads\/2017\/08\/Rodrigo-y-Agust\u00edn-insaurralde-Felix-Astorga-150x150.jpeg 150w, https:\/\/crc.org.ar\/w\/wp-content\/uploads\/2017\/08\/Rodrigo-y-Agust\u00edn-insaurralde-Felix-Astorga-200x200.jpeg 200w\" sizes=\"(max-width: 150px) 100vw, 150px\" \/><\/a>\n\t\t\t<\/div><\/figure>\n\t\t<\/div>\n\n<p>El equipo regatense, bajo la conducci\u00f3n t\u00e9cnica de los entrenadores <strong>Jos\u00e9 A. Mari\u00f1o Rey, Cristian Torres Frias, Fabricio Alegre <\/strong>y<strong> Pablo Mari\u00f1o Rey,<\/strong> en una brillante actuaci\u00f3n, logr\u00f3 21 preseas, 13 de oro, 6 de plata y 2 de bronce.<\/p>\n<p>Para resaltar, entre otros, los primeros puestos de <strong>F\u00e9lix Astorga<\/strong>, que viene de ganar el Tope Evaluativo en el Campus de Entrenamiento Nacional en Villa Alta, C\u00f3rdoba; y de <strong>Agustina Rodr\u00edguez Medina<\/strong> que en su \u00faltima performance lucho con una lesi\u00f3n en su pie.<\/p>\n<p><strong>TODOS LOS PODIOS<br \/>\n<\/strong><strong>PRIMEROS PUESTOS<\/strong><br \/>\n<strong>Luca Getzrow<\/strong> (Microbio hasta 29 kilogramos), <strong>Dante Wandelow<\/strong> (Promocional &#8211; 28), Ana Vallarino Gerzel (-40), <strong>Luz Oviedo<\/strong> (Infantil \u201cB\u201d -64), <strong>F\u00e9lix Astorga<\/strong> (Infantil \u201cB\u201d -48), <strong>Rodrigo Insaurralde<\/strong> (Infantil \u201cB\u201d +64), y <strong>Agust\u00edn Insaurralde<\/strong> (Cadete -55).<\/p>\n<p><strong>Francisco Rabad\u00e1n<\/strong> (Senior -73), <strong>Nicol\u00e1s Astorga<\/strong> (Senior -73), <strong>Claudio S\u00e1nchez<\/strong> (Senior +90), <strong>Agustina Rodr\u00edguez Medina<\/strong> (Senior -57), <strong>Facundo Casa\u00f1as<\/strong> (Kyu Novicios -66), <strong>Alejandro Almir\u00f3n<\/strong> (Kyu Novicios -73), y <strong>Mar\u00eda Saber<\/strong> (Kyu Novicios +78).<\/p>\n<p><strong>SEGUNDOS PUESTOS<\/strong><br \/>\n<strong>Ramiro Delgado Blanco<\/strong> (Pre Promocional -41), <strong>Benjam\u00edn Mari\u00f1o Rey<\/strong> (Promocional -26), <strong>Franco Meza Godoy<\/strong> (Promocional -45), <strong>Micaela Falc\u00f3n<\/strong> (Infantil \u201cA\u201d -38), <strong>Ana Paula Vallarino Gerzel<\/strong> (Infantil \u201cB\u201d -40), y <strong>Dar\u00edo Dalmao<\/strong> (Senior -66).<\/p>\n<p><strong>TERCEROS PUESTOS<\/strong><br \/>\n<strong>Lautaro Insaurralde<\/strong> (Cadete -73), y <strong>Gast\u00f3n Gonz\u00e1lez<\/strong> (Senior -73).<\/p>\n","protected":false},"excerpt":{"rendered":"<p>(Martes 29 de agosto de 2017). El equipo de judo del Club de Regatas Corrientes tuvo una brillante actuaci\u00f3n en el torneo Mercosur, \u201cCopa Chaco\u201d, que se llev\u00f3 a cabo el \u00faltimo s\u00e1bado en el Centro Deportivo Don Bosco de Resistencia, en donde alcanz\u00f3 21 preseas, 13 de oro, 6 de plata y 2 de &hellip;<\/p>\n","protected":false},"author":1,"featured_media":4751,"comment_status":"closed","ping_status":"open","sticky":false,"template":"","format":"standard","meta":{"footnotes":""},"categories":[17],"tags":[],"_links":{"self":[{"href":"https:\/\/crc.org.ar\/w\/wp-json\/wp\/v2\/posts\/4746"}],"collection":[{"href":"https:\/\/crc.org.ar\/w\/wp-json\/wp\/v2\/posts"}],"about":[{"href":"https:\/\/crc.org.ar\/w\/wp-json\/wp\/v2\/types\/post"}],"author":[{"embeddable":true,"href":"https:\/\/crc.org.ar\/w\/wp-json\/wp\/v2\/users\/1"}],"replies":[{"embeddable":true,"href":"https:\/\/crc.org.ar\/w\/wp-json\/wp\/v2\/comments?post=4746"}],"version-history":[{"count":1,"href":"https:\/\/crc.org.ar\/w\/wp-json\/wp\/v2\/posts\/4746\/revisions"}],"predecessor-version":[{"id":4753,"href":"https:\/\/crc.org.ar\/w\/wp-json\/wp\/v2\/posts\/4746\/revisions\/4753"}],"wp:featuredmedia":[{"embeddable":true,"href":"https:\/\/crc.org.ar\/w\/wp-json\/wp\/v2\/media\/4751"}],"wp:attachment":[{"href":"https:\/\/crc.org.ar\/w\/wp-json\/wp\/v2\/media?parent=4746"}],"wp:term":[{"taxonomy":"category","embeddable":true,"href":"https:\/\/crc.org.ar\/w\/wp-json\/wp\/v2\/categories?post=4746"},{"taxonomy":"post_tag","embeddable":true,"href":"https:\/\/crc.org.ar\/w\/wp-json\/wp\/v2\/tags?post=4746"}],"curies":[{"name":"wp","href":"https:\/\/api.w.org\/{rel}","templated":true}]}}