{"id":5108,"date":"2017-09-15T16:10:22","date_gmt":"2017-09-15T19:10:22","guid":{"rendered":"http:\/\/www.crc.org.ar\/w\/?p=5108"},"modified":"2017-09-15T16:14:11","modified_gmt":"2017-09-15T19:14:11","slug":"regatas-dice-presente-en-la-tercera-fecha-del-campeonato-nacional-paraguayo","status":"publish","type":"post","link":"https:\/\/crc.org.ar\/w\/regatas-dice-presente-en-la-tercera-fecha-del-campeonato-nacional-paraguayo\/","title":{"rendered":"Regatas dice presente en la tercera fecha del Campeonato Nacional paraguayo"},"content":{"rendered":"<p><span style=\"font-weight: 400;\">(Viernes 15 de septiembre de 2017). Tras un par de postergaciones, el equipo promocional y federado de remo del Club de Regatas Corrientes competir\u00e1 este s\u00e1bado en la tercera fecha del Campeonato Nacional de Paraguay en la hist\u00f3rica Bah\u00eda de Asunci\u00f3n.<\/span><\/p>\n<p><!--more--><\/p>\n<p><span style=\"font-weight: 400;\">Finalmente este s\u00e1bado se disputar\u00e1 la tercera fecha del Campeonato Nacional de remo de Paraguay, organizado por la Federaci\u00f3n Paraguaya de Remo, que cuenta con el apoyo del Comit\u00e9 Ol\u00edmpico Paraguayo y la Secretaria Nacional de Deportes de Paraguay.<\/span><\/p>\n<p><span style=\"font-weight: 400;\"><a href=\"http:\/\/www.crc.org.ar\/w\/wp-content\/uploads\/2017\/09\/Tomas-Romero1.jpg\"><img loading=\"lazy\" decoding=\"async\" class=\"alignleft size-medium wp-image-5109\" src=\"http:\/\/www.crc.org.ar\/w\/wp-content\/uploads\/2017\/09\/Tomas-Romero1-300x200.jpg\" alt=\"\" width=\"300\" height=\"200\" srcset=\"https:\/\/crc.org.ar\/w\/wp-content\/uploads\/2017\/09\/Tomas-Romero1-300x200.jpg 300w, https:\/\/crc.org.ar\/w\/wp-content\/uploads\/2017\/09\/Tomas-Romero1-768x511.jpg 768w, https:\/\/crc.org.ar\/w\/wp-content\/uploads\/2017\/09\/Tomas-Romero1-1024x681.jpg 1024w, https:\/\/crc.org.ar\/w\/wp-content\/uploads\/2017\/09\/Tomas-Romero1.jpg 1066w\" sizes=\"(max-width: 300px) 100vw, 300px\" \/><\/a>La competencia, que ya sufri\u00f3 dos postergaciones, se llevar\u00e1 a cabo en la Bah\u00eda de Asunci\u00f3n del Paraguay, en donde habr\u00e1 un interesante programa de competencia del que participar\u00e1 el equipo promocional y federado del Club de Regatas Corrientes..<\/span><\/p>\n<p><span style=\"font-weight: 400;\">La delegaci\u00f3n regatense, que estar\u00e1 viajando este viernes desde el parque Mitre con algunos adelantados que ya salieron el jueves, estar\u00e1 presidida por el dirigente <\/span><b>Guillermo Jacobo<\/b><span style=\"font-weight: 400;\">, junto a la entrenadora <\/span><b>Mar\u00eda P\u00eda Pividori.<\/b><\/p>\n<p><span style=\"font-weight: 400;\">En tanto que los remeros ser\u00e1n <\/span><b>Lisandro Arce, Mar\u00eda Luz Fedullo, Mar\u00eda Paz Adis, Antonio M\u00e9ndez, Esteban Ib\u00e1\u00f1ez, Sara Gianeselli, Diego Moreira, Gast\u00f3n Alfonso, Oriana Blundetto, Maximiliano Reischer, Tom\u00e1s Romero, Patricio Frettes, <\/b><span style=\"font-weight: 400;\">y<\/span><b> Ren\u00e9 Ben\u00edtez.<\/b><\/p>\n<p><b>VERA EN TIGRE<br \/>\n<\/b><span style=\"font-weight: 400;\">En tanto el remero del Club de Regatas Corrientes, <\/span><b>Alejandro Vera<\/b><span style=\"font-weight: 400;\">, se encuentra entrenando con la Selecci\u00f3n Nacional en Tigre, como parte de su preparaci\u00f3n para el Paral\u00edmpico Brasile\u00f1o, que se disputar\u00e1 del 27 al 29 de octubre pr\u00f3ximo en San Pablo.<\/span><\/p>\n","protected":false},"excerpt":{"rendered":"<p>(Viernes 15 de septiembre de 2017). Tras un par de postergaciones, el equipo promocional y federado de remo del Club de Regatas Corrientes competir\u00e1 este s\u00e1bado en la tercera fecha del Campeonato Nacional de Paraguay en la hist\u00f3rica Bah\u00eda de Asunci\u00f3n. Finalmente este s\u00e1bado se disputar\u00e1 la tercera fecha del Campeonato Nacional de remo de &hellip;<\/p>\n","protected":false},"author":1,"featured_media":5109,"comment_status":"closed","ping_status":"open","sticky":false,"template":"","format":"standard","meta":{"footnotes":""},"categories":[18],"tags":[],"_links":{"self":[{"href":"https:\/\/crc.org.ar\/w\/wp-json\/wp\/v2\/posts\/5108"}],"collection":[{"href":"https:\/\/crc.org.ar\/w\/wp-json\/wp\/v2\/posts"}],"about":[{"href":"https:\/\/crc.org.ar\/w\/wp-json\/wp\/v2\/types\/post"}],"author":[{"embeddable":true,"href":"https:\/\/crc.org.ar\/w\/wp-json\/wp\/v2\/users\/1"}],"replies":[{"embeddable":true,"href":"https:\/\/crc.org.ar\/w\/wp-json\/wp\/v2\/comments?post=5108"}],"version-history":[{"count":1,"href":"https:\/\/crc.org.ar\/w\/wp-json\/wp\/v2\/posts\/5108\/revisions"}],"predecessor-version":[{"id":5110,"href":"https:\/\/crc.org.ar\/w\/wp-json\/wp\/v2\/posts\/5108\/revisions\/5110"}],"wp:featuredmedia":[{"embeddable":true,"href":"https:\/\/crc.org.ar\/w\/wp-json\/wp\/v2\/media\/5109"}],"wp:attachment":[{"href":"https:\/\/crc.org.ar\/w\/wp-json\/wp\/v2\/media?parent=5108"}],"wp:term":[{"taxonomy":"category","embeddable":true,"href":"https:\/\/crc.org.ar\/w\/wp-json\/wp\/v2\/categories?post=5108"},{"taxonomy":"post_tag","embeddable":true,"href":"https:\/\/crc.org.ar\/w\/wp-json\/wp\/v2\/tags?post=5108"}],"curies":[{"name":"wp","href":"https:\/\/api.w.org\/{rel}","templated":true}]}}