{"id":5114,"date":"2017-09-15T16:16:20","date_gmt":"2017-09-15T19:16:20","guid":{"rendered":"http:\/\/www.crc.org.ar\/w\/?p=5114"},"modified":"2017-09-15T16:16:20","modified_gmt":"2017-09-15T19:16:20","slug":"regatas-se-presenta-en-formosa-en-la-copa-upcn","status":"publish","type":"post","link":"https:\/\/crc.org.ar\/w\/regatas-se-presenta-en-formosa-en-la-copa-upcn\/","title":{"rendered":"Regatas se presenta en Formosa en la Copa UPCN"},"content":{"rendered":"<p><span style=\"font-weight: 400;\">(Viernes 15 de septiembre de 2017). Este s\u00e1bado en Formosa se disputar\u00e1 el torneo Regional de judo, Copa \u201c\u201dUPCN, del que participar\u00e1 el equipo de judo del Club de Regatas Corrientes.<\/span><br \/>\n<!--more--><span style=\"font-weight: 400;\">En el estadio del Club Sol de Am\u00e9rica de la capital formose\u00f1a se llevar\u00e1 a cabo este s\u00e1bado el Torneo Regional, \u201cCopa UPCN\u201d, organizado por la Academia de Judo de UPCN, y fiscaliza la Federaci\u00f3n Formose\u00f1a de Judo.<\/span><\/p>\n<p><span style=\"font-weight: 400;\"><a href=\"http:\/\/www.crc.org.ar\/w\/wp-content\/uploads\/2017\/09\/Dario-Dalmao-Agostina-Rodriguez.jpg\"><img loading=\"lazy\" decoding=\"async\" class=\"alignleft size-medium wp-image-5115\" src=\"http:\/\/www.crc.org.ar\/w\/wp-content\/uploads\/2017\/09\/Dario-Dalmao-Agostina-Rodriguez-240x300.jpg\" alt=\"\" width=\"240\" height=\"300\" srcset=\"https:\/\/crc.org.ar\/w\/wp-content\/uploads\/2017\/09\/Dario-Dalmao-Agostina-Rodriguez-240x300.jpg 240w, https:\/\/crc.org.ar\/w\/wp-content\/uploads\/2017\/09\/Dario-Dalmao-Agostina-Rodriguez.jpg 768w\" sizes=\"(max-width: 240px) 100vw, 240px\" \/><\/a>Del evento participar\u00e1n provincias de la regi\u00f3n y tambi\u00e9n competidores de Paraguay; adem\u00e1s de una nutrida delegaci\u00f3n del Club de Regatas Corrientes, que estar\u00e1 viajando a la capital formose\u00f1a a primera hora del s\u00e1bado.<\/span><\/p>\n<p><span style=\"font-weight: 400;\">La particularidad del equipo regatense es que adem\u00e1s del entrenador <\/span><b>Cristian Torres Fr\u00edas <\/b><span style=\"font-weight: 400;\">estar\u00e1 debutando como entrenadora <\/span><b>Agustina Rodr\u00edguez Medina<\/b><span style=\"font-weight: 400;\">, que viene recuper\u00e1ndose de una fisura producto del Torneo Mercosur en Resistencia.<\/span><\/p>\n<p><b>DELEGACION<br \/>\n<\/b><span>La delegaci\u00f3n del Club de Regatas Corrientes a Formosa, estar\u00e1 integrada por: <\/span><b>Micaela Falc\u00f3n<\/b><span> (Infantil A \u2013 40), <\/span><b>Luz Oviedo<\/b><span> (Infantil B \u2013 64), <\/span><b>Juan Niz<\/b><span> (Infantil B \u2013 58), <\/span><b>Rodrigo Insaurralde<\/b><span> (Infantil B \u2013 64), y <\/span><b>Mar\u00eda Paula Soto<\/b><span> (Sub 18 \u2013 48).<\/span><b><br \/>\n<\/b><\/p>\n<p><span style=\"font-weight: 400;\">Adem\u00e1s de <\/span><b>Agustina Insaurralde<\/b><span style=\"font-weight: 400;\"> (Sub 18 \u2013 55), <\/span><b>Nahuel Insaurralde<\/b><span style=\"font-weight: 400;\"> (Sub 18 \u2013 66), <\/span><b>Lautaro Insaurralde<\/b><span style=\"font-weight: 400;\"> (Sub 18 Y Kyu Novicio \u2013 73), <\/span><b>Francisco Rabad\u00e1n<\/b><span style=\"font-weight: 400;\"> (Senior \u2013 66), <\/span><b>Dar\u00edo Dalmao<\/b><span style=\"font-weight: 400;\"> (Senior \u2013 66), <\/span><b>Eugenio Buyatti<\/b><span style=\"font-weight: 400;\"> (Senior \u2013 66), y <\/span><b>Juan \u00c1lvarez<\/b><span style=\"font-weight: 400;\"> (Kyu Novicio &#8211; 81<\/span><br \/>\n<span style=\"font-weight: 400;\">Entrenadores<\/span><b>: Agustina Rodr\u00edguez Medina <\/b><span style=\"font-weight: 400;\">y<\/span><b> Cristian Torres Fr\u00edas<\/b><span style=\"font-weight: 400;\">. Delegado: <\/span><b>Pablo Mari\u00f1o Rey.<\/b><\/p>\n","protected":false},"excerpt":{"rendered":"<p>(Viernes 15 de septiembre de 2017). Este s\u00e1bado en Formosa se disputar\u00e1 el torneo Regional de judo, Copa \u201c\u201dUPCN, del que participar\u00e1 el equipo de judo del Club de Regatas Corrientes. En el estadio del Club Sol de Am\u00e9rica de la capital formose\u00f1a se llevar\u00e1 a cabo este s\u00e1bado el Torneo Regional, \u201cCopa UPCN\u201d, organizado &hellip;<\/p>\n","protected":false},"author":1,"featured_media":5115,"comment_status":"closed","ping_status":"open","sticky":false,"template":"","format":"standard","meta":{"footnotes":""},"categories":[17],"tags":[],"_links":{"self":[{"href":"https:\/\/crc.org.ar\/w\/wp-json\/wp\/v2\/posts\/5114"}],"collection":[{"href":"https:\/\/crc.org.ar\/w\/wp-json\/wp\/v2\/posts"}],"about":[{"href":"https:\/\/crc.org.ar\/w\/wp-json\/wp\/v2\/types\/post"}],"author":[{"embeddable":true,"href":"https:\/\/crc.org.ar\/w\/wp-json\/wp\/v2\/users\/1"}],"replies":[{"embeddable":true,"href":"https:\/\/crc.org.ar\/w\/wp-json\/wp\/v2\/comments?post=5114"}],"version-history":[{"count":1,"href":"https:\/\/crc.org.ar\/w\/wp-json\/wp\/v2\/posts\/5114\/revisions"}],"predecessor-version":[{"id":5116,"href":"https:\/\/crc.org.ar\/w\/wp-json\/wp\/v2\/posts\/5114\/revisions\/5116"}],"wp:featuredmedia":[{"embeddable":true,"href":"https:\/\/crc.org.ar\/w\/wp-json\/wp\/v2\/media\/5115"}],"wp:attachment":[{"href":"https:\/\/crc.org.ar\/w\/wp-json\/wp\/v2\/media?parent=5114"}],"wp:term":[{"taxonomy":"category","embeddable":true,"href":"https:\/\/crc.org.ar\/w\/wp-json\/wp\/v2\/categories?post=5114"},{"taxonomy":"post_tag","embeddable":true,"href":"https:\/\/crc.org.ar\/w\/wp-json\/wp\/v2\/tags?post=5114"}],"curies":[{"name":"wp","href":"https:\/\/api.w.org\/{rel}","templated":true}]}}