{"id":5135,"date":"2017-09-18T13:02:54","date_gmt":"2017-09-18T16:02:54","guid":{"rendered":"http:\/\/www.crc.org.ar\/w\/?p=5135"},"modified":"2017-09-18T13:02:54","modified_gmt":"2017-09-18T16:02:54","slug":"gran-actuacion-de-regatas-en-asuncion-del-paraguay","status":"publish","type":"post","link":"https:\/\/crc.org.ar\/w\/gran-actuacion-de-regatas-en-asuncion-del-paraguay\/","title":{"rendered":"Gran actuaci\u00f3n de Regatas en Asunci\u00f3n del Paraguay"},"content":{"rendered":"<p>(Lunes 18 de septiembre de 2017). Una muy buena actuaci\u00f3n tuvo el equipo promocional y federado de remo del Club de Regatas Corrientes en la tercera fecha del Campeonato Nacional de Paraguay, que se llev\u00f3 a cabo el \u00faltimo fin de semana en la hist\u00f3rica Bah\u00eda de Asunci\u00f3n.<\/p>\n<p><!--more--><\/p>\n<p>Tras varias postergaciones, el \u00faltimo s\u00e1bado se disput\u00f3 la tercera fecha del Campeonato Nacional de remo de Paraguay, que organiz\u00f3 la Federaci\u00f3n Paraguaya de Remo, y cont\u00f3 con el apoyo del Comit\u00e9 Ol\u00edmpico y la Secretaria Nacional de Deportes de Paraguay.<\/p>\n<p>La competencia se llev\u00f3 a cabo en la Bah\u00eda de Asunci\u00f3n cont\u00f3 con la presencia del equipo promocional y federado del Club de Regatas Corrientes, dirigido t\u00e9cnicamente por <strong>Mar\u00eda P\u00eda Pividori y Sebasti\u00e1n Bajac<\/strong>, que obtuvo muy buenos resultados.<\/p>\n<div id='gallery-1' class='gallery galleryid-5135 gallery-columns-3 gallery-size-thumbnail'><figure class='gallery-item'>\n\t\t\t<div class='gallery-icon landscape'>\n\t\t\t\t<a href='https:\/\/crc.org.ar\/w\/wp-content\/uploads\/2017\/09\/paraguay5.jpg'><img loading=\"lazy\" decoding=\"async\" width=\"150\" height=\"150\" src=\"https:\/\/crc.org.ar\/w\/wp-content\/uploads\/2017\/09\/paraguay5-150x150.jpg\" class=\"attachment-thumbnail size-thumbnail\" alt=\"\" srcset=\"https:\/\/crc.org.ar\/w\/wp-content\/uploads\/2017\/09\/paraguay5-150x150.jpg 150w, https:\/\/crc.org.ar\/w\/wp-content\/uploads\/2017\/09\/paraguay5-200x200.jpg 200w\" sizes=\"(max-width: 150px) 100vw, 150px\" \/><\/a>\n\t\t\t<\/div><\/figure><figure class='gallery-item'>\n\t\t\t<div class='gallery-icon landscape'>\n\t\t\t\t<a href='https:\/\/crc.org.ar\/w\/wp-content\/uploads\/2017\/09\/paraguay4.jpg'><img loading=\"lazy\" decoding=\"async\" width=\"150\" height=\"150\" src=\"https:\/\/crc.org.ar\/w\/wp-content\/uploads\/2017\/09\/paraguay4-150x150.jpg\" class=\"attachment-thumbnail size-thumbnail\" alt=\"\" srcset=\"https:\/\/crc.org.ar\/w\/wp-content\/uploads\/2017\/09\/paraguay4-150x150.jpg 150w, https:\/\/crc.org.ar\/w\/wp-content\/uploads\/2017\/09\/paraguay4-200x200.jpg 200w\" sizes=\"(max-width: 150px) 100vw, 150px\" \/><\/a>\n\t\t\t<\/div><\/figure><figure class='gallery-item'>\n\t\t\t<div class='gallery-icon landscape'>\n\t\t\t\t<a href='https:\/\/crc.org.ar\/w\/wp-content\/uploads\/2017\/09\/paraguay1.jpg'><img loading=\"lazy\" decoding=\"async\" width=\"150\" height=\"150\" src=\"https:\/\/crc.org.ar\/w\/wp-content\/uploads\/2017\/09\/paraguay1-150x150.jpg\" class=\"attachment-thumbnail size-thumbnail\" alt=\"\" srcset=\"https:\/\/crc.org.ar\/w\/wp-content\/uploads\/2017\/09\/paraguay1-150x150.jpg 150w, https:\/\/crc.org.ar\/w\/wp-content\/uploads\/2017\/09\/paraguay1-200x200.jpg 200w\" sizes=\"(max-width: 150px) 100vw, 150px\" \/><\/a>\n\t\t\t<\/div><\/figure><figure class='gallery-item'>\n\t\t\t<div class='gallery-icon landscape'>\n\t\t\t\t<a href='https:\/\/crc.org.ar\/w\/wp-content\/uploads\/2017\/09\/Arce-Ciumpalo.jpg'><img loading=\"lazy\" decoding=\"async\" width=\"150\" height=\"150\" src=\"https:\/\/crc.org.ar\/w\/wp-content\/uploads\/2017\/09\/Arce-Ciumpalo-150x150.jpg\" class=\"attachment-thumbnail size-thumbnail\" alt=\"\" srcset=\"https:\/\/crc.org.ar\/w\/wp-content\/uploads\/2017\/09\/Arce-Ciumpalo-150x150.jpg 150w, https:\/\/crc.org.ar\/w\/wp-content\/uploads\/2017\/09\/Arce-Ciumpalo-200x200.jpg 200w\" sizes=\"(max-width: 150px) 100vw, 150px\" \/><\/a>\n\t\t\t<\/div><\/figure><figure class='gallery-item'>\n\t\t\t<div class='gallery-icon landscape'>\n\t\t\t\t<a href='https:\/\/crc.org.ar\/w\/wp-content\/uploads\/2017\/09\/CRC-en-Paraguay.jpg'><img loading=\"lazy\" decoding=\"async\" width=\"150\" height=\"150\" src=\"https:\/\/crc.org.ar\/w\/wp-content\/uploads\/2017\/09\/CRC-en-Paraguay-150x150.jpg\" class=\"attachment-thumbnail size-thumbnail\" alt=\"\" srcset=\"https:\/\/crc.org.ar\/w\/wp-content\/uploads\/2017\/09\/CRC-en-Paraguay-150x150.jpg 150w, https:\/\/crc.org.ar\/w\/wp-content\/uploads\/2017\/09\/CRC-en-Paraguay-200x200.jpg 200w\" sizes=\"(max-width: 150px) 100vw, 150px\" \/><\/a>\n\t\t\t<\/div><\/figure><figure class='gallery-item'>\n\t\t\t<div class='gallery-icon landscape'>\n\t\t\t\t<a href='https:\/\/crc.org.ar\/w\/wp-content\/uploads\/2017\/09\/paraguay6.jpg'><img loading=\"lazy\" decoding=\"async\" width=\"150\" height=\"150\" src=\"https:\/\/crc.org.ar\/w\/wp-content\/uploads\/2017\/09\/paraguay6-150x150.jpg\" class=\"attachment-thumbnail size-thumbnail\" alt=\"\" srcset=\"https:\/\/crc.org.ar\/w\/wp-content\/uploads\/2017\/09\/paraguay6-150x150.jpg 150w, https:\/\/crc.org.ar\/w\/wp-content\/uploads\/2017\/09\/paraguay6-200x200.jpg 200w\" sizes=\"(max-width: 150px) 100vw, 150px\" \/><\/a>\n\t\t\t<\/div><\/figure><figure class='gallery-item'>\n\t\t\t<div class='gallery-icon landscape'>\n\t\t\t\t<a href='https:\/\/crc.org.ar\/w\/wp-content\/uploads\/2017\/09\/paraguay7.jpg'><img loading=\"lazy\" decoding=\"async\" width=\"150\" height=\"150\" src=\"https:\/\/crc.org.ar\/w\/wp-content\/uploads\/2017\/09\/paraguay7-150x150.jpg\" class=\"attachment-thumbnail size-thumbnail\" alt=\"\" srcset=\"https:\/\/crc.org.ar\/w\/wp-content\/uploads\/2017\/09\/paraguay7-150x150.jpg 150w, https:\/\/crc.org.ar\/w\/wp-content\/uploads\/2017\/09\/paraguay7-200x200.jpg 200w\" sizes=\"(max-width: 150px) 100vw, 150px\" \/><\/a>\n\t\t\t<\/div><\/figure><figure class='gallery-item'>\n\t\t\t<div class='gallery-icon landscape'>\n\t\t\t\t<a href='https:\/\/crc.org.ar\/w\/wp-content\/uploads\/2017\/09\/paraguay3.jpg'><img loading=\"lazy\" decoding=\"async\" width=\"150\" height=\"150\" src=\"https:\/\/crc.org.ar\/w\/wp-content\/uploads\/2017\/09\/paraguay3-150x150.jpg\" class=\"attachment-thumbnail size-thumbnail\" alt=\"\" srcset=\"https:\/\/crc.org.ar\/w\/wp-content\/uploads\/2017\/09\/paraguay3-150x150.jpg 150w, https:\/\/crc.org.ar\/w\/wp-content\/uploads\/2017\/09\/paraguay3-200x200.jpg 200w\" sizes=\"(max-width: 150px) 100vw, 150px\" \/><\/a>\n\t\t\t<\/div><\/figure><figure class='gallery-item'>\n\t\t\t<div class='gallery-icon landscape'>\n\t\t\t\t<a href='https:\/\/crc.org.ar\/w\/wp-content\/uploads\/2017\/09\/paraguay2.jpg'><img loading=\"lazy\" decoding=\"async\" width=\"150\" height=\"150\" src=\"https:\/\/crc.org.ar\/w\/wp-content\/uploads\/2017\/09\/paraguay2-150x150.jpg\" class=\"attachment-thumbnail size-thumbnail\" alt=\"\" srcset=\"https:\/\/crc.org.ar\/w\/wp-content\/uploads\/2017\/09\/paraguay2-150x150.jpg 150w, https:\/\/crc.org.ar\/w\/wp-content\/uploads\/2017\/09\/paraguay2-200x200.jpg 200w\" sizes=\"(max-width: 150px) 100vw, 150px\" \/><\/a>\n\t\t\t<\/div><\/figure>\n\t\t<\/div>\n\n<p>Entre los resultados m\u00e1s importantes para resaltar, hay que remarcar el primer puesto de <strong>Augusto Ciumpalo <\/strong>y<strong> Lisandro Arce<\/strong>, en un 2- Junior Masculino; en tanto que forma individual Arce fue segundo y Ciumpalo tercero; entre otros.<\/p>\n<p><strong>RESULTADOS REMEROS<\/strong><br \/>\n2- Junior Masculino: 1\u00b0 puesto <strong>Augusto Ciumpalo y Lisandro Arce.<\/strong><\/p>\n<p>2x Master Masculino: 2\u00b0 puesto <strong>Esteban Ib\u00e1\u00f1ez <\/strong>y<strong> Antonio M\u00e9ndez. <\/strong>7\u00b0 puesto <strong>Guillermo Jacobo y Nahuel Quiroz.<\/strong><\/p>\n<p>1x Junior Masculino: 2\u00b0 puesto <strong>Lisandro Arce<\/strong>. 3\u00b0 puesto <strong>Augusto Ciumpalo.<\/strong><\/p>\n<p>2x Novicio Masculino: 3\u00b0 puesto <strong>Nahuel<\/strong> <strong>Quiroz y Diego Moreira<\/strong>. 4\u00b0 puesto <strong>Gabriel Centuri\u00f3n y Augusto Montero<\/strong><\/p>\n<p>1x Menor B Femenino: 3\u00b0 puesto <strong>Oriana Blundetto.<\/strong><\/p>\n<p>2x Infantil Masculino: 3\u00b0 puesto <strong>Tomas Romero y Maximiliano Reischer.<\/strong><\/p>\n<p>1x Menor B Masculino: 7\u00b0 puesto <strong>Patricio Frettes.<\/strong><\/p>\n<p>2x Novicio Masculino: 3\u00b0 puesto <strong>Nahuel Quiroz y Diego Moreira<\/strong>; y 4\u00b0 puesto, <strong>Gabriel Centuri\u00f3n y Augusto Montero.<\/strong><\/p>\n","protected":false},"excerpt":{"rendered":"<p>(Lunes 18 de septiembre de 2017). Una muy buena actuaci\u00f3n tuvo el equipo promocional y federado de remo del Club de Regatas Corrientes en la tercera fecha del Campeonato Nacional de Paraguay, que se llev\u00f3 a cabo el \u00faltimo fin de semana en la hist\u00f3rica Bah\u00eda de Asunci\u00f3n. Tras varias postergaciones, el \u00faltimo s\u00e1bado se &hellip;<\/p>\n","protected":false},"author":1,"featured_media":5139,"comment_status":"closed","ping_status":"open","sticky":false,"template":"","format":"standard","meta":{"footnotes":""},"categories":[18],"tags":[],"_links":{"self":[{"href":"https:\/\/crc.org.ar\/w\/wp-json\/wp\/v2\/posts\/5135"}],"collection":[{"href":"https:\/\/crc.org.ar\/w\/wp-json\/wp\/v2\/posts"}],"about":[{"href":"https:\/\/crc.org.ar\/w\/wp-json\/wp\/v2\/types\/post"}],"author":[{"embeddable":true,"href":"https:\/\/crc.org.ar\/w\/wp-json\/wp\/v2\/users\/1"}],"replies":[{"embeddable":true,"href":"https:\/\/crc.org.ar\/w\/wp-json\/wp\/v2\/comments?post=5135"}],"version-history":[{"count":1,"href":"https:\/\/crc.org.ar\/w\/wp-json\/wp\/v2\/posts\/5135\/revisions"}],"predecessor-version":[{"id":5145,"href":"https:\/\/crc.org.ar\/w\/wp-json\/wp\/v2\/posts\/5135\/revisions\/5145"}],"wp:featuredmedia":[{"embeddable":true,"href":"https:\/\/crc.org.ar\/w\/wp-json\/wp\/v2\/media\/5139"}],"wp:attachment":[{"href":"https:\/\/crc.org.ar\/w\/wp-json\/wp\/v2\/media?parent=5135"}],"wp:term":[{"taxonomy":"category","embeddable":true,"href":"https:\/\/crc.org.ar\/w\/wp-json\/wp\/v2\/categories?post=5135"},{"taxonomy":"post_tag","embeddable":true,"href":"https:\/\/crc.org.ar\/w\/wp-json\/wp\/v2\/tags?post=5135"}],"curies":[{"name":"wp","href":"https:\/\/api.w.org\/{rel}","templated":true}]}}