{"id":5363,"date":"2017-09-27T10:08:34","date_gmt":"2017-09-27T13:08:34","guid":{"rendered":"http:\/\/www.crc.org.ar\/w\/?p=5363"},"modified":"2017-09-27T10:08:34","modified_gmt":"2017-09-27T13:08:34","slug":"alejandro-vera-entreno-con-el-staff-tecnico-nacional-en-regatas","status":"publish","type":"post","link":"https:\/\/crc.org.ar\/w\/alejandro-vera-entreno-con-el-staff-tecnico-nacional-en-regatas\/","title":{"rendered":"Alejandro Vera entren\u00f3 con el staff t\u00e9cnico nacional en Regatas"},"content":{"rendered":"<p>(Mi\u00e9rcoles 27 de septiembre de 2017). El staff t\u00e9cnico de la Selecci\u00f3n Nacional de remo adaptado de la Asociaci\u00f3n Argentina de Remeros Aficionados (AARA), <strong>Esteban Briguglio <\/strong>y<strong> Juan Rivarola<\/strong>, estuvieron en Corrientes para entrenar con Alejandro Vera, remero del Club de Regatas Corrientes.<\/p>\n<p><!--more--><\/p>\n<p>El \u00faltimo fin de semana, no fue uno m\u00e1s para el remero del Club de Regatas Corrientes, <strong>Alejandro Vera<\/strong>, que entren\u00f3 con el staff t\u00e9cnico de la Selecci\u00f3n Nacional de remo adaptado de la Asociaci\u00f3n Argentina de Remeros Aficionados (AARA).<\/p>\n<div id='gallery-1' class='gallery galleryid-5363 gallery-columns-4 gallery-size-thumbnail'><figure class='gallery-item'>\n\t\t\t<div class='gallery-icon landscape'>\n\t\t\t\t<a href='https:\/\/crc.org.ar\/w\/wp-content\/uploads\/2017\/09\/Vera.jpeg'><img loading=\"lazy\" decoding=\"async\" width=\"150\" height=\"150\" src=\"https:\/\/crc.org.ar\/w\/wp-content\/uploads\/2017\/09\/Vera-150x150.jpeg\" class=\"attachment-thumbnail size-thumbnail\" alt=\"\" srcset=\"https:\/\/crc.org.ar\/w\/wp-content\/uploads\/2017\/09\/Vera-150x150.jpeg 150w, https:\/\/crc.org.ar\/w\/wp-content\/uploads\/2017\/09\/Vera-200x200.jpeg 200w\" sizes=\"(max-width: 150px) 100vw, 150px\" \/><\/a>\n\t\t\t<\/div><\/figure><figure class='gallery-item'>\n\t\t\t<div class='gallery-icon landscape'>\n\t\t\t\t<a href='https:\/\/crc.org.ar\/w\/wp-content\/uploads\/2017\/09\/vera1.jpeg'><img loading=\"lazy\" decoding=\"async\" width=\"150\" height=\"150\" src=\"https:\/\/crc.org.ar\/w\/wp-content\/uploads\/2017\/09\/vera1-150x150.jpeg\" class=\"attachment-thumbnail size-thumbnail\" alt=\"\" srcset=\"https:\/\/crc.org.ar\/w\/wp-content\/uploads\/2017\/09\/vera1-150x150.jpeg 150w, https:\/\/crc.org.ar\/w\/wp-content\/uploads\/2017\/09\/vera1-200x200.jpeg 200w\" sizes=\"(max-width: 150px) 100vw, 150px\" \/><\/a>\n\t\t\t<\/div><\/figure><figure class='gallery-item'>\n\t\t\t<div class='gallery-icon landscape'>\n\t\t\t\t<a href='https:\/\/crc.org.ar\/w\/wp-content\/uploads\/2017\/09\/Vera2.jpeg'><img loading=\"lazy\" decoding=\"async\" width=\"150\" height=\"150\" src=\"https:\/\/crc.org.ar\/w\/wp-content\/uploads\/2017\/09\/Vera2-150x150.jpeg\" class=\"attachment-thumbnail size-thumbnail\" alt=\"\" srcset=\"https:\/\/crc.org.ar\/w\/wp-content\/uploads\/2017\/09\/Vera2-150x150.jpeg 150w, https:\/\/crc.org.ar\/w\/wp-content\/uploads\/2017\/09\/Vera2-200x200.jpeg 200w\" sizes=\"(max-width: 150px) 100vw, 150px\" \/><\/a>\n\t\t\t<\/div><\/figure><figure class='gallery-item'>\n\t\t\t<div class='gallery-icon landscape'>\n\t\t\t\t<a href='https:\/\/crc.org.ar\/w\/wp-content\/uploads\/2017\/09\/Vera3.jpeg'><img loading=\"lazy\" decoding=\"async\" width=\"150\" height=\"150\" src=\"https:\/\/crc.org.ar\/w\/wp-content\/uploads\/2017\/09\/Vera3-150x150.jpeg\" class=\"attachment-thumbnail size-thumbnail\" alt=\"\" srcset=\"https:\/\/crc.org.ar\/w\/wp-content\/uploads\/2017\/09\/Vera3-150x150.jpeg 150w, https:\/\/crc.org.ar\/w\/wp-content\/uploads\/2017\/09\/Vera3-200x200.jpeg 200w\" sizes=\"(max-width: 150px) 100vw, 150px\" \/><\/a>\n\t\t\t<\/div><\/figure>\n\t\t<\/div>\n\n<p>Los entrenadores <strong>Esteban Briguglio <\/strong>y<strong> Juan Rivarola<\/strong> llegaron a Corrientes el \u00faltimo jueves y de inmediato se abocaron a trabajar con el remero regatense en tres d\u00edas de intensa actividad y control de cara al Campeonato Argentino y a citas internacionales.<\/p>\n<p><strong>EL TRABAJO<\/strong><br \/>\nEl \u00faltimo jueves, por la ma\u00f1ana, Briguglio y Rivarola se concentraron en trabajar la parte t\u00e9cnica de Vera, por lo que el entrenamiento fue en el r\u00edo Paran\u00e1, en donde los entrenadores no perdieron detalles de la remada del correntino.<\/p>\n<p>Por la tarde se trabajo en remoerg\u00f3metro, con una silla especial donde se puede colocar el ergo y as\u00ed trabajar espec\u00edficamente los m\u00fasculos que Vera ocupa cuando corre, es decir espalda parte superior, hombros, pecho y brazos. Para cerrar la jornada en el gimnasio.<\/p>\n<p>El viernes por la ma\u00f1ana, nuevamente en el r\u00edo, el entrenamiento consisti\u00f3 en trabajos de ritmo de regata y haciendo hincapi\u00e9 nuevamente en la t\u00e9cnica. Para por la tarde volver al gimnasio y al remoerg\u00f3metro, siempre con ritmo de competencia.<\/p>\n<p>Por \u00faltimo, el s\u00e1bado, por la ma\u00f1ana, se realizaron ajustes y nuevas medidas al bote para probar y mejorar el deslizamiento con m\u00e1s toma; para terminar en el agua, por espacio de m\u00e1s de una hora y media.<\/p>\n<p><strong>EL FUTURO<\/strong><br \/>\nPor la tarde se realiz\u00f3 una charla t\u00e9cnica con v\u00eddeos y proyectos a futuro, que contempla una concentraci\u00f3n del 10 al 16 de octubre, previo al Campeonato Argentino, y despu\u00e9s rumbo al Paral\u00edmpico Brasile\u00f1o, en San Pablo el 20 donde el 24 y 25 de noviembre.<\/p>\n<p>Para el 2018, en tanto, la proyecci\u00f3n es correr le regata en Mil\u00e1n en mayo, la de Brasil y si es posible dos m\u00e1s, como preparaci\u00f3n para el Mundial 2019, y la clasificaci\u00f3n para los Juegos Paral\u00edmpicos de Tokio 2020.<\/p>\n<p><strong>CICLO PARAL\u00cdMPICO<\/strong><br \/>\n\u201cSi sigue trabajando de la forma que lo est\u00e1 haciendo tiene muchas posibilidades. Lo necesitamos m\u00e1s tiempo con nosotros. Ac\u00e1 corremos con la desventaja de la corriente y del r\u00edo muy picado como nos toco estos d\u00edas\u201d, dijeron los entrenadores.<\/p>\n<p><strong>Alejandro Vera<\/strong> sabe que deber\u00e1 redoblar esfuerzos \u2013en todo sentido- para cristalizar su sue\u00f1o de representar al pa\u00eds en un juego Paral\u00edmpico. \u201cMi ciclo como remero profesional termina en 2020, eso lo tengo muy claro, as\u00ed voy a dejar todo para cumplir mi sue\u00f1o\u201d.<\/p>\n","protected":false},"excerpt":{"rendered":"<p>(Mi\u00e9rcoles 27 de septiembre de 2017). El staff t\u00e9cnico de la Selecci\u00f3n Nacional de remo adaptado de la Asociaci\u00f3n Argentina de Remeros Aficionados (AARA), Esteban Briguglio y Juan Rivarola, estuvieron en Corrientes para entrenar con Alejandro Vera, remero del Club de Regatas Corrientes. El \u00faltimo fin de semana, no fue uno m\u00e1s para el remero &hellip;<\/p>\n","protected":false},"author":1,"featured_media":5366,"comment_status":"closed","ping_status":"open","sticky":false,"template":"","format":"standard","meta":{"footnotes":""},"categories":[18],"tags":[],"_links":{"self":[{"href":"https:\/\/crc.org.ar\/w\/wp-json\/wp\/v2\/posts\/5363"}],"collection":[{"href":"https:\/\/crc.org.ar\/w\/wp-json\/wp\/v2\/posts"}],"about":[{"href":"https:\/\/crc.org.ar\/w\/wp-json\/wp\/v2\/types\/post"}],"author":[{"embeddable":true,"href":"https:\/\/crc.org.ar\/w\/wp-json\/wp\/v2\/users\/1"}],"replies":[{"embeddable":true,"href":"https:\/\/crc.org.ar\/w\/wp-json\/wp\/v2\/comments?post=5363"}],"version-history":[{"count":1,"href":"https:\/\/crc.org.ar\/w\/wp-json\/wp\/v2\/posts\/5363\/revisions"}],"predecessor-version":[{"id":5368,"href":"https:\/\/crc.org.ar\/w\/wp-json\/wp\/v2\/posts\/5363\/revisions\/5368"}],"wp:featuredmedia":[{"embeddable":true,"href":"https:\/\/crc.org.ar\/w\/wp-json\/wp\/v2\/media\/5366"}],"wp:attachment":[{"href":"https:\/\/crc.org.ar\/w\/wp-json\/wp\/v2\/media?parent=5363"}],"wp:term":[{"taxonomy":"category","embeddable":true,"href":"https:\/\/crc.org.ar\/w\/wp-json\/wp\/v2\/categories?post=5363"},{"taxonomy":"post_tag","embeddable":true,"href":"https:\/\/crc.org.ar\/w\/wp-json\/wp\/v2\/tags?post=5363"}],"curies":[{"name":"wp","href":"https:\/\/api.w.org\/{rel}","templated":true}]}}