{"id":5641,"date":"2017-10-11T11:21:59","date_gmt":"2017-10-11T14:21:59","guid":{"rendered":"http:\/\/www.crc.org.ar\/w\/?p=5641"},"modified":"2017-10-11T11:21:59","modified_gmt":"2017-10-11T14:21:59","slug":"alejandro-vera-concentra-en-tigre-con-la-seleccion-nacional","status":"publish","type":"post","link":"https:\/\/crc.org.ar\/w\/alejandro-vera-concentra-en-tigre-con-la-seleccion-nacional\/","title":{"rendered":"Alejandro Vera concentra en Tigre con la Selecci\u00f3n Nacional"},"content":{"rendered":"<p><span style=\"font-weight: 400;\">(Mi\u00e9rcoles 11 de octubre de 2017). El remero del Club de Regatas Corrientes, <\/span><b>Alejandro Vera<\/b><span style=\"font-weight: 400;\">, concentrar\u00e1 desde este jueves en Tigre con la Selecci\u00f3n Nacional de remo adaptado, en una nueva etapa de preparaci\u00f3n para Paral\u00edmpico Brasile\u00f1o en San Pablo.<\/span><\/p>\n<p><!--more--><\/p>\n<p><span style=\"font-weight: 400;\">Tras su \u00faltimo entrenamiento personalizado en Corrientes, junto a los entrenadores nacionales <\/span><b>Esteban Briguglio <\/b><span style=\"font-weight: 400;\">y<\/span><b> Juan Rivarola, <\/b><span style=\"font-weight: 400;\">el remero del Club de Regatas Corrientes, <\/span><b>Alejandro Vera<\/b><span style=\"font-weight: 400;\">, tendr\u00e1 una nueva concentraci\u00f3n.<\/span><\/p>\n<p><span style=\"font-weight: 400;\"><a href=\"http:\/\/www.crc.org.ar\/w\/wp-content\/uploads\/2017\/08\/Ale-Vera.jpg\"><img loading=\"lazy\" decoding=\"async\" class=\"alignleft size-medium wp-image-4521\" src=\"http:\/\/www.crc.org.ar\/w\/wp-content\/uploads\/2017\/08\/Ale-Vera-300x168.jpg\" alt=\"\" width=\"300\" height=\"168\" srcset=\"https:\/\/crc.org.ar\/w\/wp-content\/uploads\/2017\/08\/Ale-Vera-300x168.jpg 300w, https:\/\/crc.org.ar\/w\/wp-content\/uploads\/2017\/08\/Ale-Vera-768x431.jpg 768w, https:\/\/crc.org.ar\/w\/wp-content\/uploads\/2017\/08\/Ale-Vera-1024x575.jpg 1024w, https:\/\/crc.org.ar\/w\/wp-content\/uploads\/2017\/08\/Ale-Vera.jpg 1063w\" sizes=\"(max-width: 300px) 100vw, 300px\" \/><\/a>La concentraci\u00f3n nacional, dispuesta por la Asociaci\u00f3n Argentina de Remeros Aficionados (AARA), comenzar\u00e1 este jueves y finalizar\u00e1 el s\u00e1bado en la Pista Nacional de remo y canotaje en la ciudad bonaerense de Tigre.<\/span><\/p>\n<p><span style=\"font-weight: 400;\">Vera estar\u00e1 viajando este mi\u00e9rcoles a \u00faltimo hora a Tigre, para el jueves quedar concentrado y a las \u00f3rdenes de los entrenadores <\/span><b>Esteban Briguglio <\/b><span style=\"font-weight: 400;\">y<\/span><b> Juan Rivarola, <\/b><span style=\"font-weight: 400;\">que dispondr\u00e1n las pautas de trabajo a seguir.<\/span><\/p>\n<p><span style=\"font-weight: 400;\">La nueva cita le servir\u00e1 Vera como preparaci\u00f3n para el Campeonato Argentino (16 al 19 de noviembre), pero el objetivo final es el Paral\u00edmpico Brasile\u00f1o, que se llevar\u00e1 a cabo en San Pablo el 24 y 25 de noviembre pr\u00f3ximo.<\/span><\/p>\n<p><span style=\"font-weight: 400;\">De esta manera Vera tiene en el horizonte una nueva cita internacional, en un proceso en donde \u00e9l mismo tiene como objetivo el ciclo paral\u00edmpico para Tokio 2020, en otro gran desaf\u00edo para el remero correntino. <\/span><\/p>\n","protected":false},"excerpt":{"rendered":"<p>(Mi\u00e9rcoles 11 de octubre de 2017). El remero del Club de Regatas Corrientes, Alejandro Vera, concentrar\u00e1 desde este jueves en Tigre con la Selecci\u00f3n Nacional de remo adaptado, en una nueva etapa de preparaci\u00f3n para Paral\u00edmpico Brasile\u00f1o en San Pablo. Tras su \u00faltimo entrenamiento personalizado en Corrientes, junto a los entrenadores nacionales Esteban Briguglio y &hellip;<\/p>\n","protected":false},"author":1,"featured_media":4521,"comment_status":"closed","ping_status":"open","sticky":false,"template":"","format":"standard","meta":{"footnotes":""},"categories":[18],"tags":[],"_links":{"self":[{"href":"https:\/\/crc.org.ar\/w\/wp-json\/wp\/v2\/posts\/5641"}],"collection":[{"href":"https:\/\/crc.org.ar\/w\/wp-json\/wp\/v2\/posts"}],"about":[{"href":"https:\/\/crc.org.ar\/w\/wp-json\/wp\/v2\/types\/post"}],"author":[{"embeddable":true,"href":"https:\/\/crc.org.ar\/w\/wp-json\/wp\/v2\/users\/1"}],"replies":[{"embeddable":true,"href":"https:\/\/crc.org.ar\/w\/wp-json\/wp\/v2\/comments?post=5641"}],"version-history":[{"count":1,"href":"https:\/\/crc.org.ar\/w\/wp-json\/wp\/v2\/posts\/5641\/revisions"}],"predecessor-version":[{"id":5642,"href":"https:\/\/crc.org.ar\/w\/wp-json\/wp\/v2\/posts\/5641\/revisions\/5642"}],"wp:featuredmedia":[{"embeddable":true,"href":"https:\/\/crc.org.ar\/w\/wp-json\/wp\/v2\/media\/4521"}],"wp:attachment":[{"href":"https:\/\/crc.org.ar\/w\/wp-json\/wp\/v2\/media?parent=5641"}],"wp:term":[{"taxonomy":"category","embeddable":true,"href":"https:\/\/crc.org.ar\/w\/wp-json\/wp\/v2\/categories?post=5641"},{"taxonomy":"post_tag","embeddable":true,"href":"https:\/\/crc.org.ar\/w\/wp-json\/wp\/v2\/tags?post=5641"}],"curies":[{"name":"wp","href":"https:\/\/api.w.org\/{rel}","templated":true}]}}