{"id":6276,"date":"2017-11-14T11:31:00","date_gmt":"2017-11-14T14:31:00","guid":{"rendered":"http:\/\/www.crc.org.ar\/w\/?p=6276"},"modified":"2017-11-14T11:31:00","modified_gmt":"2017-11-14T14:31:00","slug":"lisandro-arce-y-alejandro-vera-al-campeonato-argentino","status":"publish","type":"post","link":"https:\/\/crc.org.ar\/w\/lisandro-arce-y-alejandro-vera-al-campeonato-argentino\/","title":{"rendered":"Lisandro Arce y Alejandro Vera  al Campeonato Argentino"},"content":{"rendered":"<p>(Martes 14 de noviembre de 2017). Los remeros del Club de Regatas Corrientes <strong>Lisandro Arce <\/strong>y<strong> Alejandro Vera <\/strong>viajar\u00e1n ma\u00f1ana a Buenos Aires para participar del Campeonato Argentino de Remo, que comenzar\u00e1 el jueves en la pista Nacional de Tigre.<\/p>\n<p><!--more--><\/p>\n<p>La gran regata del remo argentino y sudamericano se llevar\u00e1 a cabo desde este jueves 16 al domingo 19 de noviembre pr\u00f3ximo, en la Pista Nacional de Remo y Canotaje de Tigre; organizado por la Asociaci\u00f3n Argentina de Remeros Aficionados (AARA).<\/p>\n<p><a href=\"http:\/\/www.crc.org.ar\/w\/wp-content\/uploads\/2017\/08\/Ale-Vera.jpg\"><img loading=\"lazy\" decoding=\"async\" class=\"alignleft size-medium wp-image-4521\" src=\"http:\/\/www.crc.org.ar\/w\/wp-content\/uploads\/2017\/08\/Ale-Vera-300x168.jpg\" alt=\"\" width=\"300\" height=\"168\" srcset=\"https:\/\/crc.org.ar\/w\/wp-content\/uploads\/2017\/08\/Ale-Vera-300x168.jpg 300w, https:\/\/crc.org.ar\/w\/wp-content\/uploads\/2017\/08\/Ale-Vera-768x431.jpg 768w, https:\/\/crc.org.ar\/w\/wp-content\/uploads\/2017\/08\/Ale-Vera-1024x575.jpg 1024w, https:\/\/crc.org.ar\/w\/wp-content\/uploads\/2017\/08\/Ale-Vera.jpg 1063w\" sizes=\"(max-width: 300px) 100vw, 300px\" \/><\/a>Ser\u00e1n cuatro d\u00edas de intensa actividad, en los que se congregar\u00e1n los mejores remeros del pa\u00eds y de la regi\u00f3n, incluidos los remeros del Club de Regatas Corrientes, <strong>Lisandro Arce <\/strong>y<strong> Alejandro Vera.<\/strong><\/p>\n<p><strong>Lisandro Arce, <\/strong>en la categor\u00eda Junior, llega al Argentino tras sortear distintas evaluaciones nacionales y regionales para integrar la Selecci\u00f3n Nacional de la categor\u00eda, y estuvo en la consideraci\u00f3n Nacional par los Juegos Ol\u00edmpicos de la Juventud, Buenos Aires 2018.<\/p>\n<p>Gracias a su gran esfuerzo y dedicaci\u00f3n, Arce lleg\u00f3 hasta las \u00faltimas evaluaciones en 2017, pero por lo reducido de las embarcaciones que tiene Argentina para las citas internacionales, qued\u00f3 en el \u00faltimo corte.<\/p>\n<p>De all\u00ed que el joven remero de Regatas Corrientes, que supo vestir la celeste y blanca, sabe que el Argentino es una excelente vidriera para mostrarse, y para ello deber\u00e1 sortear eliminatorias y final, aunque lo m\u00e1s importante ser\u00e1 bajar sus tiempos.<\/p>\n<p><strong>ALEJANDRO VERA<\/strong><br \/>\n<strong>EN LA SELECCION<\/strong><br \/>\nOtro tanto sucede con <strong>Alejandro Vera<\/strong>, ya confirmado en la Selecci\u00f3n Nacional de Remo Adaptado, tras tambi\u00e9n interminables evaluaciones, concentraciones y entrenamientos, inclusive en Corrientes, con el staff t\u00e9cnico Argentino.<\/p>\n<p>Para Vera no ser\u00e1 un Argentino m\u00e1s, ya que se propuso terminar como el n\u00famero uno del ranking nacional, y sus \u00faltimo tiempo lo avalan; sabiendo tambi\u00e9n, como el remo convencional, que la distancia a recorrer ser\u00e1 de 2000 metros.<\/p>\n<p>Recordemos que tras el Argentino, Vera integrar\u00e1 la Selecci\u00f3n Nacional Adapta que competir\u00e1 en el Paral\u00edmpico Brasile\u00f1o, que se llevar\u00e1 a cabo en San Pablo el 24 y 25 de noviembre pr\u00f3ximo.<\/p>\n<p><strong>GIANESELLI EN <\/strong><br \/>\n<strong>EL TIGRE BOAT<\/strong><br \/>\nLa gran ausente del Argentino, al menos para el equipo del Club de Regatas Corrientes, ser\u00e1 <strong>Sara Gianeselli<\/strong> que, tras su cambio de domicilio, ahora representar\u00e1 al Tigre Boat Club (TBC).<\/p>\n<p><strong>Sara Gianeselli, <\/strong>tras su paso por la Selecci\u00f3n Nacional y en los procesos de evaluaci\u00f3n para los Juegos Ol\u00edmpicos de la Juventud, Buenos Aires 2018, fue tentada por el cuerpo t\u00e9cnico nacional para radicarse en Buenos Aires y tener m\u00e1s chances de selecci\u00f3n.<\/p>\n<p>Ante esta circunstancia, y sabiendo de sus condiciones y de su gran sue\u00f1o y anhelo, la Comisi\u00f3n Directiva del Club de Regatas Corrientes realiz\u00f3 el pase federativo correspondiente, y le desea el mayor de los \u00e9xitos.<\/p>\n","protected":false},"excerpt":{"rendered":"<p>(Martes 14 de noviembre de 2017). Los remeros del Club de Regatas Corrientes Lisandro Arce y Alejandro Vera viajar\u00e1n ma\u00f1ana a Buenos Aires para participar del Campeonato Argentino de Remo, que comenzar\u00e1 el jueves en la pista Nacional de Tigre. La gran regata del remo argentino y sudamericano se llevar\u00e1 a cabo desde este jueves &hellip;<\/p>\n","protected":false},"author":1,"featured_media":3421,"comment_status":"closed","ping_status":"open","sticky":false,"template":"","format":"standard","meta":{"footnotes":""},"categories":[18],"tags":[],"_links":{"self":[{"href":"https:\/\/crc.org.ar\/w\/wp-json\/wp\/v2\/posts\/6276"}],"collection":[{"href":"https:\/\/crc.org.ar\/w\/wp-json\/wp\/v2\/posts"}],"about":[{"href":"https:\/\/crc.org.ar\/w\/wp-json\/wp\/v2\/types\/post"}],"author":[{"embeddable":true,"href":"https:\/\/crc.org.ar\/w\/wp-json\/wp\/v2\/users\/1"}],"replies":[{"embeddable":true,"href":"https:\/\/crc.org.ar\/w\/wp-json\/wp\/v2\/comments?post=6276"}],"version-history":[{"count":1,"href":"https:\/\/crc.org.ar\/w\/wp-json\/wp\/v2\/posts\/6276\/revisions"}],"predecessor-version":[{"id":6277,"href":"https:\/\/crc.org.ar\/w\/wp-json\/wp\/v2\/posts\/6276\/revisions\/6277"}],"wp:featuredmedia":[{"embeddable":true,"href":"https:\/\/crc.org.ar\/w\/wp-json\/wp\/v2\/media\/3421"}],"wp:attachment":[{"href":"https:\/\/crc.org.ar\/w\/wp-json\/wp\/v2\/media?parent=6276"}],"wp:term":[{"taxonomy":"category","embeddable":true,"href":"https:\/\/crc.org.ar\/w\/wp-json\/wp\/v2\/categories?post=6276"},{"taxonomy":"post_tag","embeddable":true,"href":"https:\/\/crc.org.ar\/w\/wp-json\/wp\/v2\/tags?post=6276"}],"curies":[{"name":"wp","href":"https:\/\/api.w.org\/{rel}","templated":true}]}}