{"id":7631,"date":"2018-01-16T17:07:12","date_gmt":"2018-01-16T20:07:12","guid":{"rendered":"http:\/\/www.crc.org.ar\/w\/?p=7631"},"modified":"2018-01-16T17:24:15","modified_gmt":"2018-01-16T20:24:15","slug":"hay-que-intentar-con-la-realidad-que-tenemos-resistir-competir-y-ganar-dijo-gabriel-piccato","status":"publish","type":"post","link":"https:\/\/crc.org.ar\/w\/hay-que-intentar-con-la-realidad-que-tenemos-resistir-competir-y-ganar-dijo-gabriel-piccato\/","title":{"rendered":"\u201cHay que intentar, con la realidad que tenemos,  resistir, competir y ganar\u201d, dijo Gabriel Piccato"},"content":{"rendered":"<p>(Martes 16 de enero de 2018) Con dos bajas muy sensibles Regatas Corrientes volvi\u00f3 a caer como local, esta vez frente a Ferro, por lo que su entrenador, <strong>Gabriel Piccato<\/strong> propone como principal objetivo, recuperar a todos los jugadores y cortar la tendencia de lesiones que viene sufriendo el \u201cremero\u201d en esta temporada.<\/p>\n<p><!--more--><\/p>\n<p>Como viene siendo ya un clich\u00e9 en esta temporada, Regatas sigue sumando ausencias de jugadores claves en los encuentros. En esta oportunidad fueron el capit\u00e1n y goleador <strong>Paolo Quinteros <\/strong>y el pivote <strong>Fernando Martina<\/strong>, ambos lesionados.<\/p>\n<p>En total el \u201cremero\u201d acumula veinticuatro (24) ausencias a lo largo de toda la temporada, es decir un jugador menos por partido jugado, si tenemos en cuenta el S\u00faper 20; en donde no pudo contar a lo largo de toda la competencia con el pivote titular <strong>Chevon Troutman<\/strong>.<\/p>\n<p><a href=\"http:\/\/www.crc.org.ar\/w\/archivos\/7631\/piccato3-4\" rel=\"attachment wp-att-7634\"><img loading=\"lazy\" decoding=\"async\" class=\"alignleft size-medium wp-image-7634\" src=\"http:\/\/www.crc.org.ar\/w\/wp-content\/uploads\/2018\/01\/piccato3-300x207.jpg\" alt=\"\" width=\"300\" height=\"207\" srcset=\"https:\/\/crc.org.ar\/w\/wp-content\/uploads\/2018\/01\/piccato3-300x207.jpg 300w, https:\/\/crc.org.ar\/w\/wp-content\/uploads\/2018\/01\/piccato3-768x531.jpg 768w, https:\/\/crc.org.ar\/w\/wp-content\/uploads\/2018\/01\/piccato3-110x75.jpg 110w, https:\/\/crc.org.ar\/w\/wp-content\/uploads\/2018\/01\/piccato3.jpg 800w\" sizes=\"(max-width: 300px) 100vw, 300px\" \/><\/a>Con ese n\u00famero abultado en cuanto a las ausencias en los juegos, el entrenador fue contundente diciendo que \u201chay que intentar, con la realidad que tenemos, resistir, competir y ganar\u201d.<\/p>\n<p>Gabriel Picatto se traz\u00f3 como objetivo cortar con estas ausencias que aquejan al equipo: \u201cEl primer paso ser\u00eda la urgencia de cerrar el equipo, tratar de recuperar jugadores para el corto plazo\u201d.<\/p>\n<p>\u201cCuanto m\u00e1s tiempo ganemos, m\u00e1s probabilidad de sumar gente y cerrar el equipo tenemos, que es lo que necesitamos hacer, para de una vez tener los mejores 15 d\u00edas, porque luego de eso comienza el cuadrangular de la Liga de Las Am\u00e9ricas\u201d, remarc\u00f3<\/p>\n<p>Recordemos que Regatas Corrientes organizar\u00e1 el Cuadrangular \u201cC\u201d de la competencia m\u00e1s importante del continente, que se jugar\u00e1 del 2 al 4 de febrero pr\u00f3ximo en el estadio \u201cJos\u00e9 Jorge Contte\u201d.<\/p>\n<p><strong>EL JUEGO<br \/>\n<\/strong><strong>ANTE FERRO<br \/>\n<\/strong>Regatas volvi\u00f3 a caer en un duelo muy parejo que fue bastante cambiante, que por partes parec\u00eda que se lo pod\u00eda llevar el local, pero sobre el final se le escap\u00f3, sin embargo Piccato dijo que \u201cestuvimos cerca, y considero que hicimos, en l\u00edneas generales, un buen juego\u201d.<\/p>\n<p>\u201cSon detalles peque\u00f1os los que inclinan la balanza hacia un lado o hacia el otro, y en partidos trabados, a veces no gana el que m\u00e1s acierta sino el que menos se equivoca, y en estos detalles la diferencia creo que fue milim\u00e9trica\u201d, sentenci\u00f3.<\/p>\n<p>Concluyendo, y con una visi\u00f3n optimista, sabiendo que Regatas recibir\u00e1 este mi\u00e9rcoles a Comunicaciones de Mercedes, Piccato dijo que \u201crescato el compromiso. Estamos supliendo ausencias, y estamos dando todo\u201d.<\/p>\n<p>&nbsp;<\/p>\n<p>&nbsp;<\/p>\n<p>&nbsp;<\/p>\n","protected":false},"excerpt":{"rendered":"<p>(Martes 16 de enero de 2018) Con dos bajas muy sensibles Regatas Corrientes volvi\u00f3 a caer como local, esta vez frente a Ferro, por lo que su entrenador, Gabriel Piccato propone como principal objetivo, recuperar a todos los jugadores y cortar la tendencia de lesiones que viene sufriendo el \u201cremero\u201d en esta temporada. Como viene &hellip;<\/p>\n","protected":false},"author":1,"featured_media":7633,"comment_status":"closed","ping_status":"open","sticky":false,"template":"","format":"standard","meta":{"footnotes":""},"categories":[68],"tags":[],"_links":{"self":[{"href":"https:\/\/crc.org.ar\/w\/wp-json\/wp\/v2\/posts\/7631"}],"collection":[{"href":"https:\/\/crc.org.ar\/w\/wp-json\/wp\/v2\/posts"}],"about":[{"href":"https:\/\/crc.org.ar\/w\/wp-json\/wp\/v2\/types\/post"}],"author":[{"embeddable":true,"href":"https:\/\/crc.org.ar\/w\/wp-json\/wp\/v2\/users\/1"}],"replies":[{"embeddable":true,"href":"https:\/\/crc.org.ar\/w\/wp-json\/wp\/v2\/comments?post=7631"}],"version-history":[{"count":3,"href":"https:\/\/crc.org.ar\/w\/wp-json\/wp\/v2\/posts\/7631\/revisions"}],"predecessor-version":[{"id":7647,"href":"https:\/\/crc.org.ar\/w\/wp-json\/wp\/v2\/posts\/7631\/revisions\/7647"}],"wp:featuredmedia":[{"embeddable":true,"href":"https:\/\/crc.org.ar\/w\/wp-json\/wp\/v2\/media\/7633"}],"wp:attachment":[{"href":"https:\/\/crc.org.ar\/w\/wp-json\/wp\/v2\/media?parent=7631"}],"wp:term":[{"taxonomy":"category","embeddable":true,"href":"https:\/\/crc.org.ar\/w\/wp-json\/wp\/v2\/categories?post=7631"},{"taxonomy":"post_tag","embeddable":true,"href":"https:\/\/crc.org.ar\/w\/wp-json\/wp\/v2\/tags?post=7631"}],"curies":[{"name":"wp","href":"https:\/\/api.w.org\/{rel}","templated":true}]}}