{"id":777,"date":"2016-09-22T16:09:40","date_gmt":"2016-09-22T19:09:40","guid":{"rendered":"http:\/\/www.crc.org.ar\/w\/?p=777"},"modified":"2016-09-22T16:10:36","modified_gmt":"2016-09-22T19:10:36","slug":"sumate-a-la-campana-para-combatir-la-desnutricion-infantil","status":"publish","type":"post","link":"https:\/\/crc.org.ar\/w\/sumate-a-la-campana-para-combatir-la-desnutricion-infantil\/","title":{"rendered":"S\u00famate a la campa\u00f1a para combatir la desnutrici\u00f3n infantil"},"content":{"rendered":"<p>(Jueves 22 de septiembre de 2016). Regatas te invita a participar de la Campa\u00f1a Solidaria, \u201cFestej\u00e1 cada punto, vale triple\u201d, que involucra a su equipo profesional de la Liga Nacional de B\u00e1squetbol (LNB) para combatir la desnutrici\u00f3n infantil. La primera cita es ma\u00f1ana, a las 21.30, en el estadio \u201cFantasma\u201d.<!--more--><\/p>\n<p>Adeco Agropecuaria SA, empresa perteneciente al Grupo Adecoagro, la Fundaci\u00f3n Conin y el equipo profesional de Regatas Corrientes, a partir del viernes, comenzar\u00e1n a darle vida a la Campa\u00f1a Solidaria para combatir la desnutrici\u00f3n infantil.<\/p>\n<p>Cada tanto convertido por Regatas en la temporada 2016\/17 de la Liga Nacional de B\u00e1squetbol (LNB) se triplicar\u00e1 y se transformar\u00e1 en tres kilogramos de arroz de la marca \u201cMolinos Ala\u201d.<\/p>\n<p>\u201cFestej\u00e1 cada punto, vale triple\u201d. As\u00ed se llamar\u00e1 la Campa\u00f1a Solidaria, la tercera de estas caracter\u00edsticas que impulsa la dirigencia \u201cFantasma\u201d. Anteriormente fue \u201cEncestando por una Sonrisa\u201d con la cadena de Supermercados Impulso.<\/p>\n<p>La Fundaci\u00f3n Conin \u2013 Corrientes, por expreso acuerdo entre las partes, ser\u00e1 la receptora de la Campa\u00f1a, con dos kilos, y distribuir\u00e1 en sus distintos centros el arroz para posibilitar el cumplimiento de su misi\u00f3n; el restante lo har\u00e1 Regatas con el mismo fin.<\/p>\n<p>De all\u00ed que el aliento ser\u00e1 clave, y por ello se invita a todos a sumarse a la Campa\u00f1a apoyando al equipo \u201cFantasma\u201d este viernes, a partir de las 21.30 horas en el estadio del parque Mitre, oportunidad en que se recibir\u00e1 a La Uni\u00f3n de Formosa.<\/p>\n","protected":false},"excerpt":{"rendered":"<p>(Jueves 22 de septiembre de 2016). Regatas te invita a participar de la Campa\u00f1a Solidaria, \u201cFestej\u00e1 cada punto, vale triple\u201d, que involucra a su equipo profesional de la Liga Nacional de B\u00e1squetbol (LNB) para combatir la desnutrici\u00f3n infantil. La primera cita es ma\u00f1ana, a las 21.30, en el estadio \u201cFantasma\u201d. Adeco Agropecuaria SA, empresa perteneciente &hellip;<\/p>\n","protected":false},"author":1,"featured_media":779,"comment_status":"open","ping_status":"open","sticky":false,"template":"","format":"standard","meta":{"footnotes":""},"categories":[66,67,68],"tags":[],"_links":{"self":[{"href":"https:\/\/crc.org.ar\/w\/wp-json\/wp\/v2\/posts\/777"}],"collection":[{"href":"https:\/\/crc.org.ar\/w\/wp-json\/wp\/v2\/posts"}],"about":[{"href":"https:\/\/crc.org.ar\/w\/wp-json\/wp\/v2\/types\/post"}],"author":[{"embeddable":true,"href":"https:\/\/crc.org.ar\/w\/wp-json\/wp\/v2\/users\/1"}],"replies":[{"embeddable":true,"href":"https:\/\/crc.org.ar\/w\/wp-json\/wp\/v2\/comments?post=777"}],"version-history":[{"count":1,"href":"https:\/\/crc.org.ar\/w\/wp-json\/wp\/v2\/posts\/777\/revisions"}],"predecessor-version":[{"id":778,"href":"https:\/\/crc.org.ar\/w\/wp-json\/wp\/v2\/posts\/777\/revisions\/778"}],"wp:featuredmedia":[{"embeddable":true,"href":"https:\/\/crc.org.ar\/w\/wp-json\/wp\/v2\/media\/779"}],"wp:attachment":[{"href":"https:\/\/crc.org.ar\/w\/wp-json\/wp\/v2\/media?parent=777"}],"wp:term":[{"taxonomy":"category","embeddable":true,"href":"https:\/\/crc.org.ar\/w\/wp-json\/wp\/v2\/categories?post=777"},{"taxonomy":"post_tag","embeddable":true,"href":"https:\/\/crc.org.ar\/w\/wp-json\/wp\/v2\/tags?post=777"}],"curies":[{"name":"wp","href":"https:\/\/api.w.org\/{rel}","templated":true}]}}