{"id":7895,"date":"2018-02-01T23:13:42","date_gmt":"2018-02-02T02:13:42","guid":{"rendered":"http:\/\/www.crc.org.ar\/w\/?p=7895"},"modified":"2018-02-01T23:14:41","modified_gmt":"2018-02-02T02:14:41","slug":"regatas-con-la-mente-en-hebraica-macabi","status":"publish","type":"post","link":"https:\/\/crc.org.ar\/w\/regatas-con-la-mente-en-hebraica-macabi\/","title":{"rendered":"Regatas con la mente en Hebraica Macabi"},"content":{"rendered":"<p>(Mi\u00e9rcoles 31 de enero de 2018). Regatas Corrientes ya cambi\u00f3 de chip y se encuentra trabajando para jugar en la zona \u201cC\u201d de la DIRECTV Liga de las Am\u00e9ricas 2018, que se desarrollar\u00e1 en el estadio \u201cJos\u00e9 Jorge Contte\u201d. El debut ser\u00e1 este viernes ante el bicampe\u00f3n uruguayo Hebraica Macabi.<\/p>\n<p><!--more--><\/p>\n<p><a href=\"http:\/\/www.crc.org.ar\/w\/archivos\/7895\/entrenamiento1-3\" rel=\"attachment wp-att-7896\"><img loading=\"lazy\" decoding=\"async\" class=\"size-medium wp-image-7896 alignleft\" src=\"http:\/\/www.crc.org.ar\/w\/wp-content\/uploads\/2018\/01\/entrenamiento1-300x185.jpg\" alt=\"\" width=\"300\" height=\"185\" srcset=\"https:\/\/crc.org.ar\/w\/wp-content\/uploads\/2018\/01\/entrenamiento1-300x185.jpg 300w, https:\/\/crc.org.ar\/w\/wp-content\/uploads\/2018\/01\/entrenamiento1-768x472.jpg 768w, https:\/\/crc.org.ar\/w\/wp-content\/uploads\/2018\/01\/entrenamiento1-1024x630.jpg 1024w, https:\/\/crc.org.ar\/w\/wp-content\/uploads\/2018\/01\/entrenamiento1.jpg 1920w\" sizes=\"(max-width: 300px) 100vw, 300px\" \/><\/a>El equipo de Gabriel Piccato debutar\u00e1 ante el bicampe\u00f3n uruguayo Hebraica Macabi de Montevideo, en partido que se jugar\u00e1 este viernes, a partir de las 21.45 horas y cerrar\u00e1 la primera jornada del Cuadrangular de primera fase \u201cC\u201d de la Liga de las Am\u00e9ricas.<\/p>\n<p>El equipo uruguayo, dirigido por el DT \u201cLeo\u201d Zylbersztein, llega a Corrientes con un plantel rico en figuras como el conocido jugador internacional Leandro Garc\u00eda Morales (ex San Mart\u00edn de Corrientes) y Rachaun Freeman; por nombrar algunos.<\/p>\n<p>Adem\u00e1s el equipo \u201cCharr\u00faa\u201d contar\u00e1 con los refuerzos Marcos Marotta, que ya est\u00e1 jugando la Liga local, y el extranjero Dane Johnson, pivote de 2.08 metros, de Larre Borges, que reemplazar\u00e1 al lesionado Ricardo Glenn.<\/p>\n<p>Regatas, en tanto, tras el gran triunfo ante Ciclista Ol\u00edmpico de la Banda volvi\u00f3 al trabajo con la mente en el debut, y a la espera que llegue su refuerzo, estadounidense Gerald Fitch; que tras subsanar su problema de pasaporte llegar\u00e1 el jueves a Corrientes.<\/p>\n<p><a href=\"http:\/\/www.crc.org.ar\/w\/archivos\/7895\/entrenamiento2-2\" rel=\"attachment wp-att-7897\"><img loading=\"lazy\" decoding=\"async\" class=\"alignright size-medium wp-image-7897\" src=\"http:\/\/www.crc.org.ar\/w\/wp-content\/uploads\/2018\/01\/entrenamiento2-300x187.jpg\" alt=\"\" width=\"300\" height=\"187\" srcset=\"https:\/\/crc.org.ar\/w\/wp-content\/uploads\/2018\/01\/entrenamiento2-300x187.jpg 300w, https:\/\/crc.org.ar\/w\/wp-content\/uploads\/2018\/01\/entrenamiento2-768x479.jpg 768w, https:\/\/crc.org.ar\/w\/wp-content\/uploads\/2018\/01\/entrenamiento2-1024x639.jpg 1024w\" sizes=\"(max-width: 300px) 100vw, 300px\" \/><\/a>Recordemos que Fitch, un 1-2 de 1,91 metros de altura, viene de jugar en la Liga Nacional de B\u00e1squetbol 2016\/17 en San Lorenzo de Almagro, en donde fue reemplazo temporario del puertorrique\u00f1o Guillermo D\u00edaz.<\/p>\n<p>En diez (10) juegos, con doscientos cuarenta (240) minutos en cancha, Fitch marc\u00f3 126 puntos, un promedio por juego de 12.6 puntos en 24 minutos siempre de promedio; con porcentajes de 72.7% en simples, 57.4% en dobles y 32.7% en triples.<\/p>\n<p><strong>ASI SIGUE<\/strong><br \/>\nRegatas continuar\u00e1 su itinerario el s\u00e1bado 3 desde las 21.45 horas, ante Estudiantes de Concordia, un conocido en la Liga Nacional y flamante subcampe\u00f3n de la Liga Sudamericana 2017.<\/p>\n<p>Por \u00faltimo el domingo 4 de febrero, en la \u00faltima jornada, el representativo \u201cFantasma\u201d enfrentar\u00e1 a Leones de Ponce de Puerto Rico, que termin\u00f3 tercero en la edici\u00f3n 2017 de la Liga de las Am\u00e9ricas.<\/p>\n<p>Recordemos que el primero y segundo del grupo clasificar\u00e1n a las semifinales de la m\u00e1s importante competencia continental; y en donde Regatas Corrientes supo consagrarse campe\u00f3n en la edici\u00f3n 2011 en Xalapa, M\u00e9xico.<\/p>\n<p><strong>PROGRAMA<\/strong><\/p>\n<p><strong>2 de febrero<\/strong><br \/>\n19.30 hs. Leones de Ponce (Puerto Rico) vs. Estudiantes de Concordia<br \/>\n21.45 hs. Regatas Corrientes vs. Hebraica Macabi (Uruguay)<\/p>\n<p><strong>3 de febrero <\/strong><br \/>\n19.30 hs. Hebraica Macabi vs. Leones de Ponce<br \/>\n21.45 hs. Estudiantes de Concordia vs. Regatas Corrientes<\/p>\n<p><strong>4 de febrero<\/strong><br \/>\n19.30 hs. Estudiantes de Concordia vs. Hebraica Macabi<br \/>\n21.45 hs. Regatas Corrientes vs. Leones de Ponce<\/p>\n","protected":false},"excerpt":{"rendered":"<p>(Mi\u00e9rcoles 31 de enero de 2018). Regatas Corrientes ya cambi\u00f3 de chip y se encuentra trabajando para jugar en la zona \u201cC\u201d de la DIRECTV Liga de las Am\u00e9ricas 2018, que se desarrollar\u00e1 en el estadio \u201cJos\u00e9 Jorge Contte\u201d. El debut ser\u00e1 este viernes ante el bicampe\u00f3n uruguayo Hebraica Macabi. El equipo de Gabriel Piccato &hellip;<\/p>\n","protected":false},"author":1,"featured_media":7897,"comment_status":"closed","ping_status":"open","sticky":false,"template":"","format":"standard","meta":{"footnotes":""},"categories":[152],"tags":[],"_links":{"self":[{"href":"https:\/\/crc.org.ar\/w\/wp-json\/wp\/v2\/posts\/7895"}],"collection":[{"href":"https:\/\/crc.org.ar\/w\/wp-json\/wp\/v2\/posts"}],"about":[{"href":"https:\/\/crc.org.ar\/w\/wp-json\/wp\/v2\/types\/post"}],"author":[{"embeddable":true,"href":"https:\/\/crc.org.ar\/w\/wp-json\/wp\/v2\/users\/1"}],"replies":[{"embeddable":true,"href":"https:\/\/crc.org.ar\/w\/wp-json\/wp\/v2\/comments?post=7895"}],"version-history":[{"count":2,"href":"https:\/\/crc.org.ar\/w\/wp-json\/wp\/v2\/posts\/7895\/revisions"}],"predecessor-version":[{"id":7899,"href":"https:\/\/crc.org.ar\/w\/wp-json\/wp\/v2\/posts\/7895\/revisions\/7899"}],"wp:featuredmedia":[{"embeddable":true,"href":"https:\/\/crc.org.ar\/w\/wp-json\/wp\/v2\/media\/7897"}],"wp:attachment":[{"href":"https:\/\/crc.org.ar\/w\/wp-json\/wp\/v2\/media?parent=7895"}],"wp:term":[{"taxonomy":"category","embeddable":true,"href":"https:\/\/crc.org.ar\/w\/wp-json\/wp\/v2\/categories?post=7895"},{"taxonomy":"post_tag","embeddable":true,"href":"https:\/\/crc.org.ar\/w\/wp-json\/wp\/v2\/tags?post=7895"}],"curies":[{"name":"wp","href":"https:\/\/api.w.org\/{rel}","templated":true}]}}