{"id":7908,"date":"2018-01-31T18:33:05","date_gmt":"2018-01-31T21:33:05","guid":{"rendered":"http:\/\/www.crc.org.ar\/w\/?p=7908"},"modified":"2018-01-31T18:34:26","modified_gmt":"2018-01-31T21:34:26","slug":"regatas-presenta-el-cuadrangular-c-en-corrientes","status":"publish","type":"post","link":"https:\/\/crc.org.ar\/w\/regatas-presenta-el-cuadrangular-c-en-corrientes\/","title":{"rendered":"Regatas presenta el Cuadrangular \u201cC\u201d en Corrientes"},"content":{"rendered":"<p>(Mi\u00e9rcoles 31 de enero de 2018). La dirigencia del Club de Regatas Corrientes presentar\u00e1 este jueves, a las 17.30 horas, al Cuadrangular \u201cC\u201d de la DIRECTV Liga de las Am\u00e9ricas 2018, que se jugar\u00e1 del 2 al 4 de febrero pr\u00f3ximo en el estadio \u201cJos\u00e9 Jorge Contte\u201d.<\/p>\n<p><!--more--><br \/>\n<a href=\"http:\/\/www.crc.org.ar\/w\/archivos\/5205\/media-day3\" rel=\"attachment wp-att-5210\"><img loading=\"lazy\" decoding=\"async\" class=\"alignright size-medium wp-image-5210\" src=\"http:\/\/www.crc.org.ar\/w\/wp-content\/uploads\/2017\/09\/media-day3-300x154.jpg\" alt=\"\" width=\"300\" height=\"154\" srcset=\"https:\/\/crc.org.ar\/w\/wp-content\/uploads\/2017\/09\/media-day3-300x154.jpg 300w, https:\/\/crc.org.ar\/w\/wp-content\/uploads\/2017\/09\/media-day3.jpg 640w\" sizes=\"(max-width: 300px) 100vw, 300px\" \/><\/a>En el hist\u00f3rico Sal\u00f3n Chapo, la dirigencia del Club de Regatas Corrientes presentar\u00e1 este jueves, a las 17.30 horas, al Cuadrangular \u201cC\u201d de la DIRECTV Liga de las Am\u00e9ricas 2018, que se jugar\u00e1 del 2 al 4 de febrero pr\u00f3ximo en el estadio \u201cJos\u00e9 Jorge Contte\u201d.<\/p>\n<p>La misma ser\u00e1 presidida por el vicepresidente de la instituci\u00f3n regatense, Roberto Jacobo, y los entrenadores y capitanes de los cuatro equipos que conforman el grupo de la m\u00e1xima competencia de baloncesto del continente.<\/p>\n<p>As\u00ed los m\u00e1ximos referentes de Hebraica Macabi de Montevideo (Uruguay), Estudiantes de Concordia, Leones de Ponce de Puerto Rico, y los anfitriones de Regatas Corrientes, dejaran sus expectativas de cara a la competencia.<\/p>\n<p>Cabe aclarar, por razones de itinerario de entrenamientos, que la actividad comenzar\u00e1 puntualmente a las 17.30 con una sesi\u00f3n fotogr\u00e1fica de los protagonistas, y del panel de disertantes, para luego reci\u00e9n dar inicio a la presentaci\u00f3n formal.<\/p>\n<p>Por este medio se invita a la prensa en general a participar de la presentaci\u00f3n; en donde adem\u00e1s se entregaran las credenciales solicitadas para cubrir el evento, como as\u00ed tambi\u00e9n el dossier de la competencia.<\/p>\n","protected":false},"excerpt":{"rendered":"<p>(Mi\u00e9rcoles 31 de enero de 2018). La dirigencia del Club de Regatas Corrientes presentar\u00e1 este jueves, a las 17.30 horas, al Cuadrangular \u201cC\u201d de la DIRECTV Liga de las Am\u00e9ricas 2018, que se jugar\u00e1 del 2 al 4 de febrero pr\u00f3ximo en el estadio \u201cJos\u00e9 Jorge Contte\u201d. En el hist\u00f3rico Sal\u00f3n Chapo, la dirigencia del &hellip;<\/p>\n","protected":false},"author":1,"featured_media":5210,"comment_status":"closed","ping_status":"open","sticky":false,"template":"","format":"standard","meta":{"footnotes":""},"categories":[152],"tags":[],"_links":{"self":[{"href":"https:\/\/crc.org.ar\/w\/wp-json\/wp\/v2\/posts\/7908"}],"collection":[{"href":"https:\/\/crc.org.ar\/w\/wp-json\/wp\/v2\/posts"}],"about":[{"href":"https:\/\/crc.org.ar\/w\/wp-json\/wp\/v2\/types\/post"}],"author":[{"embeddable":true,"href":"https:\/\/crc.org.ar\/w\/wp-json\/wp\/v2\/users\/1"}],"replies":[{"embeddable":true,"href":"https:\/\/crc.org.ar\/w\/wp-json\/wp\/v2\/comments?post=7908"}],"version-history":[{"count":1,"href":"https:\/\/crc.org.ar\/w\/wp-json\/wp\/v2\/posts\/7908\/revisions"}],"predecessor-version":[{"id":7909,"href":"https:\/\/crc.org.ar\/w\/wp-json\/wp\/v2\/posts\/7908\/revisions\/7909"}],"wp:featuredmedia":[{"embeddable":true,"href":"https:\/\/crc.org.ar\/w\/wp-json\/wp\/v2\/media\/5210"}],"wp:attachment":[{"href":"https:\/\/crc.org.ar\/w\/wp-json\/wp\/v2\/media?parent=7908"}],"wp:term":[{"taxonomy":"category","embeddable":true,"href":"https:\/\/crc.org.ar\/w\/wp-json\/wp\/v2\/categories?post=7908"},{"taxonomy":"post_tag","embeddable":true,"href":"https:\/\/crc.org.ar\/w\/wp-json\/wp\/v2\/tags?post=7908"}],"curies":[{"name":"wp","href":"https:\/\/api.w.org\/{rel}","templated":true}]}}