{"id":7942,"date":"2018-02-01T23:01:23","date_gmt":"2018-02-02T02:01:23","guid":{"rendered":"http:\/\/www.crc.org.ar\/w\/?p=7942"},"modified":"2018-02-01T23:01:23","modified_gmt":"2018-02-02T02:01:23","slug":"regatas-presento-el-cuadrangular-c-de-la-liga-de-las-americas-en-corrientes","status":"publish","type":"post","link":"https:\/\/crc.org.ar\/w\/regatas-presento-el-cuadrangular-c-de-la-liga-de-las-americas-en-corrientes\/","title":{"rendered":"Regatas present\u00f3 el Cuadrangular \u201cC\u201d  de la Liga de las Am\u00e9ricas en Corrientes"},"content":{"rendered":"<p>(Jueves 1 de febrero de 2018). En medio de una gran expectativa se present\u00f3 este jueves el Cuadrangular \u201cC\u201d de la DIRECTV Liga de las Am\u00e9ricas 2018, que se jugar\u00e1 del 2 al 4 de febrero en el estadio \u201cJos\u00e9 Jorge Contte\u201d del Club de Regatas Corrientes.<\/p>\n<p><!--more--><br \/>\nEn el hist\u00f3rico Sal\u00f3n Chapo del Club de Regatas Corrientes, se present\u00f3 este jueves el Cuadrangular \u201cC\u201d de la DIRECTV Liga de las Am\u00e9ricas 2018, que se jugar\u00e1 desde este viernes en el estadio \u201cJos\u00e9 Jorge Contte\u201d.<\/p>\n<p>La misma fue presidida por el vicepresidente de la instituci\u00f3n regatense, Roberto Jacobo, qui\u00e9n estuvo acompa\u00f1ado por el tesorero Francisco Mac\u00edas, y el actual vice intendente de la comuna local, Emilio Lanari; entre otros dirigentes y autoridades.<\/p>\n<p>Fue precisamente Jacabo qui\u00e9n les dio la bienvenida a los clubes participantes, a la vez de destacar el acompa\u00f1amiento de entidades gubernamentales y privadas para llevar adelante la gran empresa, que dejar\u00e1 a Regatas nuevamente en la consideraci\u00f3n internacional.<\/p>\n<div id='gallery-1' class='gallery galleryid-7942 gallery-columns-4 gallery-size-thumbnail'><figure class='gallery-item'>\n\t\t\t<div class='gallery-icon landscape'>\n\t\t\t\t<a href='https:\/\/crc.org.ar\/w\/wp-content\/uploads\/2018\/02\/Autoridades.jpg'><img loading=\"lazy\" decoding=\"async\" width=\"150\" height=\"150\" src=\"https:\/\/crc.org.ar\/w\/wp-content\/uploads\/2018\/02\/Autoridades-150x150.jpg\" class=\"attachment-thumbnail size-thumbnail\" alt=\"\" srcset=\"https:\/\/crc.org.ar\/w\/wp-content\/uploads\/2018\/02\/Autoridades-150x150.jpg 150w, https:\/\/crc.org.ar\/w\/wp-content\/uploads\/2018\/02\/Autoridades-200x200.jpg 200w\" sizes=\"(max-width: 150px) 100vw, 150px\" \/><\/a>\n\t\t\t<\/div><\/figure><figure class='gallery-item'>\n\t\t\t<div class='gallery-icon landscape'>\n\t\t\t\t<a href='https:\/\/crc.org.ar\/w\/wp-content\/uploads\/2018\/02\/Autoridades1.jpg'><img loading=\"lazy\" decoding=\"async\" width=\"150\" height=\"150\" src=\"https:\/\/crc.org.ar\/w\/wp-content\/uploads\/2018\/02\/Autoridades1-150x150.jpg\" class=\"attachment-thumbnail size-thumbnail\" alt=\"\" srcset=\"https:\/\/crc.org.ar\/w\/wp-content\/uploads\/2018\/02\/Autoridades1-150x150.jpg 150w, https:\/\/crc.org.ar\/w\/wp-content\/uploads\/2018\/02\/Autoridades1-200x200.jpg 200w\" sizes=\"(max-width: 150px) 100vw, 150px\" \/><\/a>\n\t\t\t<\/div><\/figure><figure class='gallery-item'>\n\t\t\t<div class='gallery-icon landscape'>\n\t\t\t\t<a href='https:\/\/crc.org.ar\/w\/wp-content\/uploads\/2018\/02\/Autoridades2.jpg'><img loading=\"lazy\" decoding=\"async\" width=\"150\" height=\"150\" src=\"https:\/\/crc.org.ar\/w\/wp-content\/uploads\/2018\/02\/Autoridades2-150x150.jpg\" class=\"attachment-thumbnail size-thumbnail\" alt=\"\" srcset=\"https:\/\/crc.org.ar\/w\/wp-content\/uploads\/2018\/02\/Autoridades2-150x150.jpg 150w, https:\/\/crc.org.ar\/w\/wp-content\/uploads\/2018\/02\/Autoridades2-200x200.jpg 200w\" sizes=\"(max-width: 150px) 100vw, 150px\" \/><\/a>\n\t\t\t<\/div><\/figure><figure class='gallery-item'>\n\t\t\t<div class='gallery-icon landscape'>\n\t\t\t\t<a href='https:\/\/crc.org.ar\/w\/wp-content\/uploads\/2018\/02\/Presentacion1.jpg'><img loading=\"lazy\" decoding=\"async\" width=\"150\" height=\"150\" src=\"https:\/\/crc.org.ar\/w\/wp-content\/uploads\/2018\/02\/Presentacion1-150x150.jpg\" class=\"attachment-thumbnail size-thumbnail\" alt=\"\" srcset=\"https:\/\/crc.org.ar\/w\/wp-content\/uploads\/2018\/02\/Presentacion1-150x150.jpg 150w, https:\/\/crc.org.ar\/w\/wp-content\/uploads\/2018\/02\/Presentacion1-200x200.jpg 200w\" sizes=\"(max-width: 150px) 100vw, 150px\" \/><\/a>\n\t\t\t<\/div><\/figure><figure class='gallery-item'>\n\t\t\t<div class='gallery-icon landscape'>\n\t\t\t\t<a href='https:\/\/crc.org.ar\/w\/wp-content\/uploads\/2018\/02\/Primer-juego-viernes.jpg'><img loading=\"lazy\" decoding=\"async\" width=\"150\" height=\"150\" src=\"https:\/\/crc.org.ar\/w\/wp-content\/uploads\/2018\/02\/Primer-juego-viernes-150x150.jpg\" class=\"attachment-thumbnail size-thumbnail\" alt=\"\" srcset=\"https:\/\/crc.org.ar\/w\/wp-content\/uploads\/2018\/02\/Primer-juego-viernes-150x150.jpg 150w, https:\/\/crc.org.ar\/w\/wp-content\/uploads\/2018\/02\/Primer-juego-viernes-200x200.jpg 200w\" sizes=\"(max-width: 150px) 100vw, 150px\" \/><\/a>\n\t\t\t<\/div><\/figure><figure class='gallery-item'>\n\t\t\t<div class='gallery-icon landscape'>\n\t\t\t\t<a href='https:\/\/crc.org.ar\/w\/wp-content\/uploads\/2018\/02\/Primer-juego-viernes1.jpg'><img loading=\"lazy\" decoding=\"async\" width=\"150\" height=\"150\" src=\"https:\/\/crc.org.ar\/w\/wp-content\/uploads\/2018\/02\/Primer-juego-viernes1-150x150.jpg\" class=\"attachment-thumbnail size-thumbnail\" alt=\"\" srcset=\"https:\/\/crc.org.ar\/w\/wp-content\/uploads\/2018\/02\/Primer-juego-viernes1-150x150.jpg 150w, https:\/\/crc.org.ar\/w\/wp-content\/uploads\/2018\/02\/Primer-juego-viernes1-200x200.jpg 200w\" sizes=\"(max-width: 150px) 100vw, 150px\" \/><\/a>\n\t\t\t<\/div><\/figure><figure class='gallery-item'>\n\t\t\t<div class='gallery-icon landscape'>\n\t\t\t\t<a href='https:\/\/crc.org.ar\/w\/wp-content\/uploads\/2018\/02\/Segundo-juego-viernes.jpg'><img loading=\"lazy\" decoding=\"async\" width=\"150\" height=\"150\" src=\"https:\/\/crc.org.ar\/w\/wp-content\/uploads\/2018\/02\/Segundo-juego-viernes-150x150.jpg\" class=\"attachment-thumbnail size-thumbnail\" alt=\"\" srcset=\"https:\/\/crc.org.ar\/w\/wp-content\/uploads\/2018\/02\/Segundo-juego-viernes-150x150.jpg 150w, https:\/\/crc.org.ar\/w\/wp-content\/uploads\/2018\/02\/Segundo-juego-viernes-200x200.jpg 200w\" sizes=\"(max-width: 150px) 100vw, 150px\" \/><\/a>\n\t\t\t<\/div><\/figure><figure class='gallery-item'>\n\t\t\t<div class='gallery-icon landscape'>\n\t\t\t\t<a href='https:\/\/crc.org.ar\/w\/wp-content\/uploads\/2018\/02\/Segundo-juego-viernes1.jpg'><img loading=\"lazy\" decoding=\"async\" width=\"150\" height=\"150\" src=\"https:\/\/crc.org.ar\/w\/wp-content\/uploads\/2018\/02\/Segundo-juego-viernes1-150x150.jpg\" class=\"attachment-thumbnail size-thumbnail\" alt=\"\" srcset=\"https:\/\/crc.org.ar\/w\/wp-content\/uploads\/2018\/02\/Segundo-juego-viernes1-150x150.jpg 150w, https:\/\/crc.org.ar\/w\/wp-content\/uploads\/2018\/02\/Segundo-juego-viernes1-200x200.jpg 200w\" sizes=\"(max-width: 150px) 100vw, 150px\" \/><\/a>\n\t\t\t<\/div><\/figure>\n\t\t<\/div>\n\n<p>De la presentaci\u00f3n tambi\u00e9n fueron de la partida los entrenadores Gabriel Piccato (Regatas Corrientes), Lucas Victoriano (Estudiantes de Concordia), Wilhelmus Caanen (Leones de Ponce de Puerto Rico), y Leonardo Zylbersztein (Hebraica Macab\u00ed, Uruguay).<\/p>\n<p>Adem\u00e1s de los jugadores Paolo Quinteros (capit\u00e1n de Regatas Corrientes), Leandro Garc\u00eda Morales (capit\u00e1n de Hebraica Macabi), \u00c1ngel Daniel Vassallo (Leones de Ponce), y David Doblas Portilla (capit\u00e1n Estudiantes).<\/p>\n<p>\u201cNosotros vamos a tratar de dar el mejor espect\u00e1culo posible, para que quieran volver aqu\u00ed, para que quieran volver a celebrar este tipo de competiciones. A nosotros no nos queda m\u00e1s que jugar baloncesto y no hablar mucho m\u00e1s\u201d, dijo David Doblas Portilla.<\/p>\n<p>\u201cEste es nuestro segundo a\u00f1o consecutivo participando de este torneo, y es un orgullo para nosotros poder representar a nuestro pa\u00eds\u201d, dijo a su turno el escolta \u201ccharr\u00faa\u201d Leandro Garc\u00eda Morales, qui\u00e9n supo jugar en Corrientes para San Mart\u00edn.<\/p>\n<p>\u201cEl grupo est\u00e1 muy enfocado, saben la misi\u00f3n que tenemos. El a\u00f1o pasado llegamos al final four, y la misi\u00f3n de este a\u00f1o es llegar otra vez y ganarlo\u201d, manifest\u00f3 \u00c1ngel Daniel Vassallo; a la vez de reconocer que \u201cel hurac\u00e1n nos desv\u00edo mucho tiempo y dinero\u201d.<\/p>\n<p>Por \u00faltimo el emblema de Regatas Corrientes, Paolo Quinteros coment\u00f3 que \u201ccontento de estar a pocas horas de afrontar este cuadrangular, de volver a jugar una competencia a nivel internacional\u201d.<\/p>\n<p>\u201cEl equipo est\u00e1 muy bien, venimos de dos victorias consecutivas que realmente nos levanta el \u00e1nimo. Estamos muy contentos de que se pueda jugar en casa, ante nuestro p\u00fablico, que sabemos que es un plus que nos brinda\u201d, a\u00f1adi\u00f3.<\/p>\n<p>\u201cEsperemos que salga un hermoso cuadrangular, que la gente pueda disfrutar, y obviamente vamos a darlo todo para clasificar a la siguiente fase\u201d, dijo el gran capit\u00e1n Paolo Quinteros para finalizar.<\/p>\n","protected":false},"excerpt":{"rendered":"<p>(Jueves 1 de febrero de 2018). En medio de una gran expectativa se present\u00f3 este jueves el Cuadrangular \u201cC\u201d de la DIRECTV Liga de las Am\u00e9ricas 2018, que se jugar\u00e1 del 2 al 4 de febrero en el estadio \u201cJos\u00e9 Jorge Contte\u201d del Club de Regatas Corrientes. En el hist\u00f3rico Sal\u00f3n Chapo del Club de &hellip;<\/p>\n","protected":false},"author":1,"featured_media":7940,"comment_status":"closed","ping_status":"open","sticky":false,"template":"","format":"standard","meta":{"footnotes":""},"categories":[152],"tags":[],"_links":{"self":[{"href":"https:\/\/crc.org.ar\/w\/wp-json\/wp\/v2\/posts\/7942"}],"collection":[{"href":"https:\/\/crc.org.ar\/w\/wp-json\/wp\/v2\/posts"}],"about":[{"href":"https:\/\/crc.org.ar\/w\/wp-json\/wp\/v2\/types\/post"}],"author":[{"embeddable":true,"href":"https:\/\/crc.org.ar\/w\/wp-json\/wp\/v2\/users\/1"}],"replies":[{"embeddable":true,"href":"https:\/\/crc.org.ar\/w\/wp-json\/wp\/v2\/comments?post=7942"}],"version-history":[{"count":1,"href":"https:\/\/crc.org.ar\/w\/wp-json\/wp\/v2\/posts\/7942\/revisions"}],"predecessor-version":[{"id":7943,"href":"https:\/\/crc.org.ar\/w\/wp-json\/wp\/v2\/posts\/7942\/revisions\/7943"}],"wp:featuredmedia":[{"embeddable":true,"href":"https:\/\/crc.org.ar\/w\/wp-json\/wp\/v2\/media\/7940"}],"wp:attachment":[{"href":"https:\/\/crc.org.ar\/w\/wp-json\/wp\/v2\/media?parent=7942"}],"wp:term":[{"taxonomy":"category","embeddable":true,"href":"https:\/\/crc.org.ar\/w\/wp-json\/wp\/v2\/categories?post=7942"},{"taxonomy":"post_tag","embeddable":true,"href":"https:\/\/crc.org.ar\/w\/wp-json\/wp\/v2\/tags?post=7942"}],"curies":[{"name":"wp","href":"https:\/\/api.w.org\/{rel}","templated":true}]}}