{"id":7944,"date":"2018-02-01T23:07:52","date_gmt":"2018-02-02T02:07:52","guid":{"rendered":"http:\/\/www.crc.org.ar\/w\/?p=7944"},"modified":"2018-02-01T23:07:52","modified_gmt":"2018-02-02T02:07:52","slug":"con-gerald-fitch-regatas-debuta-con-hebraica-macabi","status":"publish","type":"post","link":"https:\/\/crc.org.ar\/w\/con-gerald-fitch-regatas-debuta-con-hebraica-macabi\/","title":{"rendered":"Con Gerald Fitch, Regatas  debuta con Hebraica Macabi"},"content":{"rendered":"<p>(Jueves 1 de febrero de 2018). Finalmente Gerald Fitch lleg\u00f3 a Corrientes y ser\u00e1 de la partida en el encuentro en donde Regatas enfrentar\u00e1 a Hebraica Macabi en la jornada inaugural de la zona \u201cC\u201d de la DIRECTV Liga de las Am\u00e9ricas 2018, que se jugar\u00e1 este viernes en el estadio \u201cJos\u00e9 Jorge Contte\u201d.<\/p>\n<p><!--more--><\/p>\n<p>Finalmente y despu\u00e9s de mucha incertidumbre, el jugador estadounidense Gerald Fitch lleg\u00f3 este jueves a Corrientes y realiz\u00f3 su primera pr\u00e1ctica por la tarde a las ordenes del entrenador regatense, Gabriel Piccato.<\/p>\n<p>De esta manera, Regatas Corrientes completa su plantilla que ven\u00eda siendo muy bastardeada por el tema de lesiones; como el desgarro en el gemelo de la pierna derecha de Leemire Goldwire, que lo margin\u00f3 del primer equipo.<\/p>\n<div id='gallery-1' class='gallery galleryid-7944 gallery-columns-4 gallery-size-thumbnail'><figure class='gallery-item'>\n\t\t\t<div class='gallery-icon landscape'>\n\t\t\t\t<a href='https:\/\/crc.org.ar\/w\/wp-content\/uploads\/2018\/02\/Fitch3.jpg'><img loading=\"lazy\" decoding=\"async\" width=\"150\" height=\"150\" src=\"https:\/\/crc.org.ar\/w\/wp-content\/uploads\/2018\/02\/Fitch3-150x150.jpg\" class=\"attachment-thumbnail size-thumbnail\" alt=\"\" srcset=\"https:\/\/crc.org.ar\/w\/wp-content\/uploads\/2018\/02\/Fitch3-150x150.jpg 150w, https:\/\/crc.org.ar\/w\/wp-content\/uploads\/2018\/02\/Fitch3-200x200.jpg 200w\" sizes=\"(max-width: 150px) 100vw, 150px\" \/><\/a>\n\t\t\t<\/div><\/figure><figure class='gallery-item'>\n\t\t\t<div class='gallery-icon landscape'>\n\t\t\t\t<a href='https:\/\/crc.org.ar\/w\/wp-content\/uploads\/2018\/02\/Fitch1.jpg'><img loading=\"lazy\" decoding=\"async\" width=\"150\" height=\"150\" src=\"https:\/\/crc.org.ar\/w\/wp-content\/uploads\/2018\/02\/Fitch1-150x150.jpg\" class=\"attachment-thumbnail size-thumbnail\" alt=\"\" srcset=\"https:\/\/crc.org.ar\/w\/wp-content\/uploads\/2018\/02\/Fitch1-150x150.jpg 150w, https:\/\/crc.org.ar\/w\/wp-content\/uploads\/2018\/02\/Fitch1-200x200.jpg 200w\" sizes=\"(max-width: 150px) 100vw, 150px\" \/><\/a>\n\t\t\t<\/div><\/figure><figure class='gallery-item'>\n\t\t\t<div class='gallery-icon landscape'>\n\t\t\t\t<a href='https:\/\/crc.org.ar\/w\/wp-content\/uploads\/2018\/02\/Fitch.jpg'><img loading=\"lazy\" decoding=\"async\" width=\"150\" height=\"150\" src=\"https:\/\/crc.org.ar\/w\/wp-content\/uploads\/2018\/02\/Fitch-150x150.jpg\" class=\"attachment-thumbnail size-thumbnail\" alt=\"\" srcset=\"https:\/\/crc.org.ar\/w\/wp-content\/uploads\/2018\/02\/Fitch-150x150.jpg 150w, https:\/\/crc.org.ar\/w\/wp-content\/uploads\/2018\/02\/Fitch-200x200.jpg 200w\" sizes=\"(max-width: 150px) 100vw, 150px\" \/><\/a>\n\t\t\t<\/div><\/figure><figure class='gallery-item'>\n\t\t\t<div class='gallery-icon landscape'>\n\t\t\t\t<a href='https:\/\/crc.org.ar\/w\/wp-content\/uploads\/2018\/02\/Fitch2.jpg'><img loading=\"lazy\" decoding=\"async\" width=\"150\" height=\"150\" src=\"https:\/\/crc.org.ar\/w\/wp-content\/uploads\/2018\/02\/Fitch2-150x150.jpg\" class=\"attachment-thumbnail size-thumbnail\" alt=\"\" srcset=\"https:\/\/crc.org.ar\/w\/wp-content\/uploads\/2018\/02\/Fitch2-150x150.jpg 150w, https:\/\/crc.org.ar\/w\/wp-content\/uploads\/2018\/02\/Fitch2-200x200.jpg 200w\" sizes=\"(max-width: 150px) 100vw, 150px\" \/><\/a>\n\t\t\t<\/div><\/figure>\n\t\t<\/div>\n\n<p>De esta manera Fitch ser\u00e1 de la partida en el debut de Regatas Corrientes ante el bicampe\u00f3n uruguayo Hebraica Macabi de Montevideo, en partido que se jugar\u00e1 este viernes, a partir de las 21.45 horas en el estadio \u201cFantasma\u201d.<\/p>\n<p>Regatas llega al choque tras el triunfo ante Ciclista Ol\u00edmpico de la Banda, la segunda consecutiva en la Liga, algo in\u00e9dito para el equipo de Piccato; y sabiendo que contar\u00e1 con el apoyo del \u201csexto hombre\u201d.<\/p>\n<p>\u201cLa presi\u00f3n est\u00e1 siempre presente, elegimos una profesi\u00f3n que eso est\u00e1 impl\u00edcito. Despu\u00e9s de la historia y el hecho de jugar de local me parece que es a favor\u201d, dijo a horas del debut el entrenador de Regatas Corrientes, Gabriel Piccato.<\/p>\n<p>\u201cLa organizaci\u00f3n nos permite desarrollar este cuadrangular en nuestra casa, con nuestra gente, y eso es el lado positivo. Miro eso y nos enfocamos en eso\u201d, a\u00f1adi\u00f3 el entrenador regatense.<\/p>\n<p>\u201cVamos a intentar dar lo mejor y disfrutar de nuestro marco, y de ser unos buenos anfitriones porque me parece que un torneo de estas caracter\u00edsticas as\u00ed lo amerita\u201d, subray\u00f3 el coach.<\/p>\n<p><strong>EL RIVAL<\/strong><br \/>\nEl equipo uruguayo, dirigido por el DT \u201cLeo\u201d Zylbersztein, llega a Corrientes con un plantel rico en figuras como el conocido jugador internacional Leandro Garc\u00eda Morales (ex San Mart\u00edn de Corrientes) y Rachaun Freeman; por nombrar algunos.<\/p>\n<p>Adem\u00e1s el equipo \u201cCharr\u00faa\u201d contar\u00e1 con los refuerzos Marcos Marotta, que ya est\u00e1 jugando la Liga local, y el extranjero Dane Johnson, pivote de 2.08 metros, de Larre Borges, que reemplazar\u00e1 al lesionado Ricardo Glenn.<\/p>\n<p>\u201cNosotros con un jugador ya venimos jugando en la Liga Sudamericana, conoce todo los sistemas que nosotros tenemos. Y con respecto al otro extranjero si, cuando se lesion\u00f3 el que \u00edbamos a traer, r\u00e1pidamente pudimos solucionar con el actual\u201d, coment\u00f3 el entrenador de Hebraica Macabi, Leonardo Zylbersztein.<\/p>\n<p>\u201cSi bien tenemos pocos d\u00edas de entrenamiento con el, el equipo de a poquito se va encontrando con \u00e9l. Y con el rodaje de nuestra Liga trataremos de lograr la clasificaci\u00f3n que para eso venimos\u201d, finaliz\u00f3.<\/p>\n<p><strong>PROGRAMA<\/strong><\/p>\n<p><strong>2 de febrero<\/strong><br \/>\n19.30 hs. Leones de Ponce (Puerto Rico) vs. Estudiantes de Concordia<br \/>\n21.45 hs. Regatas Corrientes vs. Hebraica Macabi (Uruguay)<\/p>\n<p><strong>3 de febrero <\/strong><br \/>\n19.30 hs. Hebraica Macabi vs. Leones de Ponce<br \/>\n21.45 hs. Estudiantes de Concordia vs. Regatas Corrientes<\/p>\n<p><strong>4 de febrero<\/strong><br \/>\n19.30 hs. Estudiantes de Concordia vs. Hebraica Macabi<br \/>\n21.45 hs. Regatas Corrientes vs. Leones de Ponce<\/p>\n","protected":false},"excerpt":{"rendered":"<p>(Jueves 1 de febrero de 2018). Finalmente Gerald Fitch lleg\u00f3 a Corrientes y ser\u00e1 de la partida en el encuentro en donde Regatas enfrentar\u00e1 a Hebraica Macabi en la jornada inaugural de la zona \u201cC\u201d de la DIRECTV Liga de las Am\u00e9ricas 2018, que se jugar\u00e1 este viernes en el estadio \u201cJos\u00e9 Jorge Contte\u201d. Finalmente &hellip;<\/p>\n","protected":false},"author":1,"featured_media":7949,"comment_status":"closed","ping_status":"open","sticky":false,"template":"","format":"standard","meta":{"footnotes":""},"categories":[152],"tags":[],"_links":{"self":[{"href":"https:\/\/crc.org.ar\/w\/wp-json\/wp\/v2\/posts\/7944"}],"collection":[{"href":"https:\/\/crc.org.ar\/w\/wp-json\/wp\/v2\/posts"}],"about":[{"href":"https:\/\/crc.org.ar\/w\/wp-json\/wp\/v2\/types\/post"}],"author":[{"embeddable":true,"href":"https:\/\/crc.org.ar\/w\/wp-json\/wp\/v2\/users\/1"}],"replies":[{"embeddable":true,"href":"https:\/\/crc.org.ar\/w\/wp-json\/wp\/v2\/comments?post=7944"}],"version-history":[{"count":1,"href":"https:\/\/crc.org.ar\/w\/wp-json\/wp\/v2\/posts\/7944\/revisions"}],"predecessor-version":[{"id":7950,"href":"https:\/\/crc.org.ar\/w\/wp-json\/wp\/v2\/posts\/7944\/revisions\/7950"}],"wp:featuredmedia":[{"embeddable":true,"href":"https:\/\/crc.org.ar\/w\/wp-json\/wp\/v2\/media\/7949"}],"wp:attachment":[{"href":"https:\/\/crc.org.ar\/w\/wp-json\/wp\/v2\/media?parent=7944"}],"wp:term":[{"taxonomy":"category","embeddable":true,"href":"https:\/\/crc.org.ar\/w\/wp-json\/wp\/v2\/categories?post=7944"},{"taxonomy":"post_tag","embeddable":true,"href":"https:\/\/crc.org.ar\/w\/wp-json\/wp\/v2\/tags?post=7944"}],"curies":[{"name":"wp","href":"https:\/\/api.w.org\/{rel}","templated":true}]}}