{"id":8016,"date":"2018-02-05T15:52:55","date_gmt":"2018-02-05T18:52:55","guid":{"rendered":"http:\/\/www.crc.org.ar\/w\/?p=8016"},"modified":"2018-02-05T15:52:52","modified_gmt":"2018-02-05T18:52:52","slug":"de-lo-nuestro-lo-mejor","status":"publish","type":"post","link":"https:\/\/crc.org.ar\/w\/de-lo-nuestro-lo-mejor\/","title":{"rendered":"De lo nuestro, lo mejor"},"content":{"rendered":"<p>(Domingo 4 de febrero de 2018). M\u00e1s all\u00e1 de lo que viene aportando el equipo, con dos actuaciones sin fisuras, Regatas Corrientes viene presentando un espect\u00e1culo digno del primer nivel internacional en la Liga de las Am\u00e9ricas, grupo \u201cC\u201d, sin olvidar sus raices. Aqu\u00ed algunas pinceladas de lo que pasa en el entretiempo.<\/p>\n<p><!--more--><br \/>\n<strong>CON LUZ PROPIA<\/strong><br \/>\nSum\u00e1ndose a la gran fiesta del b\u00e1squetbol de las Am\u00e9ricas en Regatas Corrientes, en los entretiempos de las distintas jornadas, Luz del Curto viene realizando un show musical de primer\u00edsimo nivel. Una voz sensual, una figura escultural, y mucho ritmo, pasi\u00f3n y alegr\u00eda hacen de la cantante una de las atracciones de las jornadas. Simplemente espectacular!<\/p>\n<div id='gallery-1' class='gallery galleryid-8016 gallery-columns-5 gallery-size-thumbnail'><figure class='gallery-item'>\n\t\t\t<div class='gallery-icon landscape'>\n\t\t\t\t<a href='https:\/\/crc.org.ar\/w\/wp-content\/uploads\/2018\/02\/Luz-del-Curto.jpg'><img loading=\"lazy\" decoding=\"async\" width=\"150\" height=\"150\" src=\"https:\/\/crc.org.ar\/w\/wp-content\/uploads\/2018\/02\/Luz-del-Curto-150x150.jpg\" class=\"attachment-thumbnail size-thumbnail\" alt=\"\" srcset=\"https:\/\/crc.org.ar\/w\/wp-content\/uploads\/2018\/02\/Luz-del-Curto-150x150.jpg 150w, https:\/\/crc.org.ar\/w\/wp-content\/uploads\/2018\/02\/Luz-del-Curto-200x200.jpg 200w\" sizes=\"(max-width: 150px) 100vw, 150px\" \/><\/a>\n\t\t\t<\/div><\/figure><figure class='gallery-item'>\n\t\t\t<div class='gallery-icon landscape'>\n\t\t\t\t<a href='https:\/\/crc.org.ar\/w\/wp-content\/uploads\/2018\/02\/Luz-del-Curto2.jpg'><img loading=\"lazy\" decoding=\"async\" width=\"150\" height=\"150\" src=\"https:\/\/crc.org.ar\/w\/wp-content\/uploads\/2018\/02\/Luz-del-Curto2-150x150.jpg\" class=\"attachment-thumbnail size-thumbnail\" alt=\"\" srcset=\"https:\/\/crc.org.ar\/w\/wp-content\/uploads\/2018\/02\/Luz-del-Curto2-150x150.jpg 150w, https:\/\/crc.org.ar\/w\/wp-content\/uploads\/2018\/02\/Luz-del-Curto2-200x200.jpg 200w\" sizes=\"(max-width: 150px) 100vw, 150px\" \/><\/a>\n\t\t\t<\/div><\/figure><figure class='gallery-item'>\n\t\t\t<div class='gallery-icon landscape'>\n\t\t\t\t<a href='https:\/\/crc.org.ar\/w\/wp-content\/uploads\/2018\/02\/Soriano-Sosa-1.jpg'><img loading=\"lazy\" decoding=\"async\" width=\"150\" height=\"150\" src=\"https:\/\/crc.org.ar\/w\/wp-content\/uploads\/2018\/02\/Soriano-Sosa-1-150x150.jpg\" class=\"attachment-thumbnail size-thumbnail\" alt=\"\" srcset=\"https:\/\/crc.org.ar\/w\/wp-content\/uploads\/2018\/02\/Soriano-Sosa-1-150x150.jpg 150w, https:\/\/crc.org.ar\/w\/wp-content\/uploads\/2018\/02\/Soriano-Sosa-1-200x200.jpg 200w\" sizes=\"(max-width: 150px) 100vw, 150px\" \/><\/a>\n\t\t\t<\/div><\/figure><figure class='gallery-item'>\n\t\t\t<div class='gallery-icon landscape'>\n\t\t\t\t<a href='https:\/\/crc.org.ar\/w\/wp-content\/uploads\/2018\/02\/SPS-Salud1-1.jpg'><img loading=\"lazy\" decoding=\"async\" width=\"150\" height=\"150\" src=\"https:\/\/crc.org.ar\/w\/wp-content\/uploads\/2018\/02\/SPS-Salud1-1-150x150.jpg\" class=\"attachment-thumbnail size-thumbnail\" alt=\"\" srcset=\"https:\/\/crc.org.ar\/w\/wp-content\/uploads\/2018\/02\/SPS-Salud1-1-150x150.jpg 150w, https:\/\/crc.org.ar\/w\/wp-content\/uploads\/2018\/02\/SPS-Salud1-1-200x200.jpg 200w\" sizes=\"(max-width: 150px) 100vw, 150px\" \/><\/a>\n\t\t\t<\/div><\/figure><figure class='gallery-item'>\n\t\t\t<div class='gallery-icon landscape'>\n\t\t\t\t<a href='https:\/\/crc.org.ar\/w\/wp-content\/uploads\/2018\/02\/Tassano-Borro.jpg'><img loading=\"lazy\" decoding=\"async\" width=\"150\" height=\"150\" src=\"https:\/\/crc.org.ar\/w\/wp-content\/uploads\/2018\/02\/Tassano-Borro-150x150.jpg\" class=\"attachment-thumbnail size-thumbnail\" alt=\"\" srcset=\"https:\/\/crc.org.ar\/w\/wp-content\/uploads\/2018\/02\/Tassano-Borro-150x150.jpg 150w, https:\/\/crc.org.ar\/w\/wp-content\/uploads\/2018\/02\/Tassano-Borro-200x200.jpg 200w\" sizes=\"(max-width: 150px) 100vw, 150px\" \/><\/a>\n\t\t\t<\/div><\/figure>\n\t\t<\/div>\n\n<p><strong>AUTORIDADES<\/strong><br \/>\nEl presidente de la Asociaci\u00f3n de Clubes (AdC), Fabi\u00e1n Borro viene presenciando el Cuadrangular \u201cC\u201d de la Liga de las Am\u00e9ricas en Regatas Corrientes. Tambi\u00e9n lo hacen Rodrigo Garc\u00eda Squetino (Direcci\u00f3n de Comunicaci\u00f3n y Relaciones Externas), y Juan Diego Garc\u00eda Squetino (Director de Marketing y Patrocinios), del staff de la AdC; siendo el anfitri\u00f3n el intendente de la Ciudad de Corrientes, Eduardo Tassano.<\/p>\n<p><iframe loading=\"lazy\" width=\"640\" height=\"360\" src=\"https:\/\/www.youtube.com\/embed\/MSkFii2aVFs?feature=oembed\" frameborder=\"0\" allow=\"autoplay; encrypted-media\" allowfullscreen><\/iframe><\/p>\n<p><strong>HOMENAJE AL <\/strong><br \/>\n<strong>SARGENTO CABRAL<\/strong><br \/>\nEl s\u00e1bado 3 de febrero se cumplieron 205 a\u00f1os de la batalla de San Lorenzo, primera gesta del ej\u00e9rcito sanmartiniano en un hecho emblem\u00e1tico en la historia de la Patria. Ese d\u00eda pas\u00f3 a la inmortalidad el Sargento de Granaderos Juan Bautista Cabral, dando su vida por el General, por el Libertador. Regatas Corrientes le rindi\u00f3 un sentido homenaje con su m\u00fasica, con su cultura, con el chamam\u00e9 en la interpretaci\u00f3n de \u201cSargento Cabral\u201d por Soriano Sosa, en uno de los momentos emotivos de la noche.<\/p>\n<p><strong>RECONOCIMIENTO<\/strong><br \/>\nEl Club de Regatas Corrientes, a trav\u00e9s de su presidente Eduardo Tassano y su dirigente Emilio Lanari, le entreg\u00f3 una placa y un cuadro con la camiseta \u201cremera\u201d de la Liga de las Am\u00e9ricas, al Dr. Gustavo Ojeda, Presidente de SPS Salud, por su invalorable apoyo y compromiso a todos los emprendimientos de la instituci\u00f3n en la Liga Nacional de B\u00e1squetbol y competencias internacionales, como la actual; entre otros.<\/p>\n","protected":false},"excerpt":{"rendered":"<p>(Domingo 4 de febrero de 2018). M\u00e1s all\u00e1 de lo que viene aportando el equipo, con dos actuaciones sin fisuras, Regatas Corrientes viene presentando un espect\u00e1culo digno del primer nivel internacional en la Liga de las Am\u00e9ricas, grupo \u201cC\u201d, sin olvidar sus raices. Aqu\u00ed algunas pinceladas de lo que pasa en el entretiempo. CON LUZ &hellip;<\/p>\n","protected":false},"author":1,"featured_media":8036,"comment_status":"closed","ping_status":"open","sticky":false,"template":"","format":"standard","meta":{"footnotes":""},"categories":[152],"tags":[],"_links":{"self":[{"href":"https:\/\/crc.org.ar\/w\/wp-json\/wp\/v2\/posts\/8016"}],"collection":[{"href":"https:\/\/crc.org.ar\/w\/wp-json\/wp\/v2\/posts"}],"about":[{"href":"https:\/\/crc.org.ar\/w\/wp-json\/wp\/v2\/types\/post"}],"author":[{"embeddable":true,"href":"https:\/\/crc.org.ar\/w\/wp-json\/wp\/v2\/users\/1"}],"replies":[{"embeddable":true,"href":"https:\/\/crc.org.ar\/w\/wp-json\/wp\/v2\/comments?post=8016"}],"version-history":[{"count":2,"href":"https:\/\/crc.org.ar\/w\/wp-json\/wp\/v2\/posts\/8016\/revisions"}],"predecessor-version":[{"id":8033,"href":"https:\/\/crc.org.ar\/w\/wp-json\/wp\/v2\/posts\/8016\/revisions\/8033"}],"wp:featuredmedia":[{"embeddable":true,"href":"https:\/\/crc.org.ar\/w\/wp-json\/wp\/v2\/media\/8036"}],"wp:attachment":[{"href":"https:\/\/crc.org.ar\/w\/wp-json\/wp\/v2\/media?parent=8016"}],"wp:term":[{"taxonomy":"category","embeddable":true,"href":"https:\/\/crc.org.ar\/w\/wp-json\/wp\/v2\/categories?post=8016"},{"taxonomy":"post_tag","embeddable":true,"href":"https:\/\/crc.org.ar\/w\/wp-json\/wp\/v2\/tags?post=8016"}],"curies":[{"name":"wp","href":"https:\/\/api.w.org\/{rel}","templated":true}]}}