{"id":8060,"date":"2018-02-10T02:20:15","date_gmt":"2018-02-10T05:20:15","guid":{"rendered":"http:\/\/www.crc.org.ar\/w\/?p=8060"},"modified":"2018-02-10T02:20:27","modified_gmt":"2018-02-10T05:20:27","slug":"el-gobernador-valdes-quiere-ver-a-regatas-jugar-las-semifinales-en-casa","status":"publish","type":"post","link":"https:\/\/crc.org.ar\/w\/el-gobernador-valdes-quiere-ver-a-regatas-jugar-las-semifinales-en-casa\/","title":{"rendered":"El gobernador Vald\u00e9s quiere ver a  Regatas jugar las semifinales en casa"},"content":{"rendered":"<p>(Lunes 5 de febrero de 2018). El propio gobernador <strong>Gustavo Vald\u00e9s<\/strong> lanz\u00f3 la postulaci\u00f3n de Regatas Corrientes para organizar el Cuadrangular \u201cF\u201d de las semifinales de la Liga de las Am\u00e9ricas. \u201cEstamos hablando con Eduardo (por Tassano) para ver la posibilidad de disfrutar de este torneo en la siguiente instancia\u201d, dijo.<\/p>\n<p><!--more--><\/p>\n<p><a href=\"http:\/\/www.crc.org.ar\/w\/wp-content\/uploads\/2018\/02\/Un-hincha-mas1.jpg\"><img loading=\"lazy\" decoding=\"async\" class=\"alignright size-medium wp-image-8061\" src=\"http:\/\/www.crc.org.ar\/w\/wp-content\/uploads\/2018\/02\/Un-hincha-mas1-300x163.jpg\" alt=\"\" width=\"300\" height=\"163\" srcset=\"https:\/\/crc.org.ar\/w\/wp-content\/uploads\/2018\/02\/Un-hincha-mas1-300x163.jpg 300w, https:\/\/crc.org.ar\/w\/wp-content\/uploads\/2018\/02\/Un-hincha-mas1-768x418.jpg 768w, https:\/\/crc.org.ar\/w\/wp-content\/uploads\/2018\/02\/Un-hincha-mas1-1024x557.jpg 1024w\" sizes=\"(max-width: 300px) 100vw, 300px\" \/><\/a>El Gobernador de Provincia, <strong>Gustavo Vald\u00e9s<\/strong>, estuvo en el palco oficial presenciando el encuentro que protagonizaron Regatas Corrientes y Leones de Ponce de Puerto Rico en el cierre del Grupo \u201cC\u201d de la Liga de las Am\u00e9ricas.<\/p>\n<p>Vald\u00e9s estuvo acompa\u00f1ado por el presidente del Club de Regatas Corrientes, <strong>Eduardo Tassano<\/strong>, el presidente de la Asociaci\u00f3n de Clubes (AdC), <strong>Fabi\u00e1n Borro<\/strong>, y autoridades de la casa \u201cremera\u201d; entre otros.<\/p>\n<p>En el entretiempo del partido que le dio la clasificaci\u00f3n a Regatas Corrientes al grupo \u201cF\u201d de las semifinales de la Liga de las Am\u00e9ricas, tuvo un peque\u00f1o contacto con la prensa local, en donde manifest\u00f3 que quiere volver a ver Regatas en la siguiente fase en casa.<\/p>\n<p>\u201cVinimos a participar de esta Liga de las Am\u00e9ricas que para nosotros es muy importante. Estamos apoyando para que Regatas este en la pr\u00f3xima instancia de la competencia. As\u00ed que haciendo fuerza para ello\u201d, comenz\u00f3 diciendo el m\u00e1ximo mandatario Provincial.<\/p>\n<p>\u201cEstamos hablando con Eduardo (por Tassano) para ver la posibilidad de disfrutar de este torneo en la siguiente instancia. As\u00ed que vamos a trabajar para que la gente tenga la posibilidad de ver esta competencia de primer nivel\u201d, afirm\u00f3 Vald\u00e9s.<\/p>\n<p>\u201cEstamos apoyando a Regatas, como equipo correntino, y fundamentalmente disfrutando de esta posibilidad de ver este encuentro de b\u00e1squetbol, muy lindo, muy apasionante y en nuestra casa, que es lo m\u00e1s importante\u201d, dijo el Gobernador para finalizar.<\/p>\n<p>Tras la clasificaci\u00f3n y en medio de los festejos, <strong>Eduardo Tassano<\/strong> le regal\u00f3 al Gobernador la camiseta de la Liga de la Liga de las Am\u00e9ricas regatense, en medio de un cerrado aplauso, y al canto del \u201c<em>Gober<\/em> es del Parque, del Parque y nadie m\u00e1s\u201d\u2026<\/p>\n","protected":false},"excerpt":{"rendered":"<p>(Lunes 5 de febrero de 2018). El propio gobernador Gustavo Vald\u00e9s lanz\u00f3 la postulaci\u00f3n de Regatas Corrientes para organizar el Cuadrangular \u201cF\u201d de las semifinales de la Liga de las Am\u00e9ricas. \u201cEstamos hablando con Eduardo (por Tassano) para ver la posibilidad de disfrutar de este torneo en la siguiente instancia\u201d, dijo. El Gobernador de Provincia, &hellip;<\/p>\n","protected":false},"author":1,"featured_media":8062,"comment_status":"closed","ping_status":"open","sticky":false,"template":"","format":"standard","meta":{"footnotes":""},"categories":[152],"tags":[],"_links":{"self":[{"href":"https:\/\/crc.org.ar\/w\/wp-json\/wp\/v2\/posts\/8060"}],"collection":[{"href":"https:\/\/crc.org.ar\/w\/wp-json\/wp\/v2\/posts"}],"about":[{"href":"https:\/\/crc.org.ar\/w\/wp-json\/wp\/v2\/types\/post"}],"author":[{"embeddable":true,"href":"https:\/\/crc.org.ar\/w\/wp-json\/wp\/v2\/users\/1"}],"replies":[{"embeddable":true,"href":"https:\/\/crc.org.ar\/w\/wp-json\/wp\/v2\/comments?post=8060"}],"version-history":[{"count":1,"href":"https:\/\/crc.org.ar\/w\/wp-json\/wp\/v2\/posts\/8060\/revisions"}],"predecessor-version":[{"id":8063,"href":"https:\/\/crc.org.ar\/w\/wp-json\/wp\/v2\/posts\/8060\/revisions\/8063"}],"wp:featuredmedia":[{"embeddable":true,"href":"https:\/\/crc.org.ar\/w\/wp-json\/wp\/v2\/media\/8062"}],"wp:attachment":[{"href":"https:\/\/crc.org.ar\/w\/wp-json\/wp\/v2\/media?parent=8060"}],"wp:term":[{"taxonomy":"category","embeddable":true,"href":"https:\/\/crc.org.ar\/w\/wp-json\/wp\/v2\/categories?post=8060"},{"taxonomy":"post_tag","embeddable":true,"href":"https:\/\/crc.org.ar\/w\/wp-json\/wp\/v2\/tags?post=8060"}],"curies":[{"name":"wp","href":"https:\/\/api.w.org\/{rel}","templated":true}]}}