{"id":8179,"date":"2018-02-12T16:14:24","date_gmt":"2018-02-12T19:14:24","guid":{"rendered":"http:\/\/www.crc.org.ar\/w\/?p=8179"},"modified":"2018-02-12T16:18:55","modified_gmt":"2018-02-12T19:18:55","slug":"regatas-ya-conoce-a-sus-rivales-para-las-semifinales","status":"publish","type":"post","link":"https:\/\/crc.org.ar\/w\/regatas-ya-conoce-a-sus-rivales-para-las-semifinales\/","title":{"rendered":"Regatas ya conoce a sus  rivales para las semifinales"},"content":{"rendered":"<p>(Lunes 12 de febrero de 2018). Guaros de Lara (Venezuela), bicampe\u00f3n de la competencia, y Baur\u00fa de Brasil, adem\u00e1s del conocido Estudiantes de Concordia, ser\u00e1n los rivales de Regatas Corrientes en la fase semifinal de la Liga de las Am\u00e9ricas 2018. El Cuadrangular arrancar\u00e1 el 9 de marzo en sede a definir.<\/p>\n<p><!--more--><br \/>\n<a href=\"http:\/\/www.crc.org.ar\/w\/wp-content\/uploads\/2018\/02\/Saiz-1.jpg\"><img loading=\"lazy\" decoding=\"async\" class=\"alignleft size-medium wp-image-8051\" src=\"http:\/\/www.crc.org.ar\/w\/wp-content\/uploads\/2018\/02\/Saiz-1-300x204.jpg\" alt=\"\" width=\"300\" height=\"204\" srcset=\"https:\/\/crc.org.ar\/w\/wp-content\/uploads\/2018\/02\/Saiz-1-300x204.jpg 300w, https:\/\/crc.org.ar\/w\/wp-content\/uploads\/2018\/02\/Saiz-1-768x521.jpg 768w, https:\/\/crc.org.ar\/w\/wp-content\/uploads\/2018\/02\/Saiz-1-1024x695.jpg 1024w, https:\/\/crc.org.ar\/w\/wp-content\/uploads\/2018\/02\/Saiz-1-110x75.jpg 110w, https:\/\/crc.org.ar\/w\/wp-content\/uploads\/2018\/02\/Saiz-1.jpg 1914w\" sizes=\"(max-width: 300px) 100vw, 300px\" \/><\/a>El domingo por la noche, en Baur\u00fa (Brasil), se cerr\u00f3 el Grupo D de la XI edici\u00f3n de la Liga de las Am\u00e9ricas en el que solo restaba conocer la ubicaci\u00f3n de los dos clasificados en la jornada del s\u00e1bado.<\/p>\n<p>El triunfo de Guaros de Venezuela, campe\u00f3n defensor (viene de ganar las dos \u00faltimas ediciones de la competencia) sobre el anfitri\u00f3n Baur\u00fa le otorg\u00f3 el primer lugar en la clasificaci\u00f3n al equipo venezolano.<\/p>\n<p>En un partidazo, el triunfo fue de 93 a 88 para los venezolanos; en donde sobresalieron Diego Garc\u00eda (19 puntos), N\u00e9stor Colmenares (18 y 11 rebotes), Heissler Guillent (16), Luis Bethelmy (16) y Gregory Echenique (14).<\/p>\n<p>El m\u00e1ximo artillero del encuentro fue Renan Lenz, con 21, de Baur\u00fa; que extra\u00f1\u00f3, sin dudas, a dos de sus principales estrellas Alex Garc\u00eda y Rafael Hettsheimeir, principalmente en el cierre en donde se defini\u00f3 el pleito.<\/p>\n<p><strong>TODO RESUELTO<\/strong><br \/>\nCon la fase de grupos resuelta, la Liga de las Am\u00e9ricas continuar\u00e1 el 2 de marzo en Buenos Aires, con el inicio de la fase de semifinales. El Grupo E se disputar\u00e1 en el estadio \u201cSanto\u201d con el anfitri\u00f3n, Ferro, Fuerza Regia (M\u00e9xico) y Mogi das Cruzes (Brasil).<\/p>\n<p><strong>FALTA LA SEDE<\/strong><br \/>\nPor su parte, el Grupo F, con sede a designarse, se disputar\u00e1 a partir del 9 de marzo y tendr\u00e1 a Regatas Corrientes, Estudiantes de Concordia (Entre R\u00edos), Guaros de Lara (Venezuela) y Baur\u00fa (Brasil).<\/p>\n","protected":false},"excerpt":{"rendered":"<p>(Lunes 12 de febrero de 2018). Guaros de Lara (Venezuela), bicampe\u00f3n de la competencia, y Baur\u00fa de Brasil, adem\u00e1s del conocido Estudiantes de Concordia, ser\u00e1n los rivales de Regatas Corrientes en la fase semifinal de la Liga de las Am\u00e9ricas 2018. El Cuadrangular arrancar\u00e1 el 9 de marzo en sede a definir. El domingo por &hellip;<\/p>\n","protected":false},"author":1,"featured_media":8051,"comment_status":"closed","ping_status":"open","sticky":false,"template":"","format":"standard","meta":{"footnotes":""},"categories":[152],"tags":[],"_links":{"self":[{"href":"https:\/\/crc.org.ar\/w\/wp-json\/wp\/v2\/posts\/8179"}],"collection":[{"href":"https:\/\/crc.org.ar\/w\/wp-json\/wp\/v2\/posts"}],"about":[{"href":"https:\/\/crc.org.ar\/w\/wp-json\/wp\/v2\/types\/post"}],"author":[{"embeddable":true,"href":"https:\/\/crc.org.ar\/w\/wp-json\/wp\/v2\/users\/1"}],"replies":[{"embeddable":true,"href":"https:\/\/crc.org.ar\/w\/wp-json\/wp\/v2\/comments?post=8179"}],"version-history":[{"count":1,"href":"https:\/\/crc.org.ar\/w\/wp-json\/wp\/v2\/posts\/8179\/revisions"}],"predecessor-version":[{"id":8180,"href":"https:\/\/crc.org.ar\/w\/wp-json\/wp\/v2\/posts\/8179\/revisions\/8180"}],"wp:featuredmedia":[{"embeddable":true,"href":"https:\/\/crc.org.ar\/w\/wp-json\/wp\/v2\/media\/8051"}],"wp:attachment":[{"href":"https:\/\/crc.org.ar\/w\/wp-json\/wp\/v2\/media?parent=8179"}],"wp:term":[{"taxonomy":"category","embeddable":true,"href":"https:\/\/crc.org.ar\/w\/wp-json\/wp\/v2\/categories?post=8179"},{"taxonomy":"post_tag","embeddable":true,"href":"https:\/\/crc.org.ar\/w\/wp-json\/wp\/v2\/tags?post=8179"}],"curies":[{"name":"wp","href":"https:\/\/api.w.org\/{rel}","templated":true}]}}