{"id":828,"date":"2016-09-24T19:36:44","date_gmt":"2016-09-24T22:36:44","guid":{"rendered":"http:\/\/www.crc.org.ar\/w\/?p=828"},"modified":"2016-09-24T19:36:44","modified_gmt":"2016-09-24T22:36:44","slug":"lo-importante-es-que-el-equipo-jugo-con-mucha-intensidad-dijo-quinteros","status":"publish","type":"post","link":"https:\/\/crc.org.ar\/w\/lo-importante-es-que-el-equipo-jugo-con-mucha-intensidad-dijo-quinteros\/","title":{"rendered":"\u201cLo importante es que el equipo jug\u00f3 con mucha intensidad\u201d, dijo Quinteros"},"content":{"rendered":"<p>(S\u00e1bado 24 de septiembre 2016). \u201cLo importante es que el equipo jug\u00f3 con mucha intensidad\u201d, dijo el jugador franquicia Paolo Quinteros tras el gran triunfo de Regatas Corrientes sobre La Uni\u00f3n de Formosa por 88 a 66.<!--more--><\/p>\n<p>Debut so\u00f1ado para la nueva versi\u00f3n de Regatas Corrientes en la Liga Nacional de B\u00e1squetbol. Triunfo en casa, ante un gran marco de p\u00fablico, y de manera contundente por 88 a 66 ante el \u00faltimo finalista de la competencia.<\/p>\n<p>El jugador franquicia, y actual capit\u00e1n, Paolo Quinteros dijo el zona mixta, al finalizar el encuentro que \u201clo importante es que el equipo jug\u00f3 con mucha intensidad, hizo lo que estaba planificado y ganamos un partido important\u00edsimo en casa, en el debut\u201d.<\/p>\n<p>Consultado por c\u00f3mo vio el encuentro, Quinteros coment\u00f3 que \u201cel primer cuarto, se present\u00f3 un partido muy parejo, gol a gol. En el segundo el equipo pudo hacer una diferencia, y en el segundo tiempo ampliarle y despu\u00e9s manejarla\u201d.<\/p>\n<p>\u201cEs bueno venir al entretiempo con 19 puntos arriba. Obviamente despu\u00e9s ellos reaccionaron, pero supimos amortiguar esta reacci\u00f3n y mantener la diferencia\u201d, a\u00f1adi\u00f3 el goleador que termin\u00f3 con 21 puntos (2\/2 en libres, 5\/9 en dobles y 3\/4 en triples).<\/p>\n<p>Adem\u00e1s el jugador entrerriano consider\u00f3 que \u201cel equipo hizo un gran trabajo en ambos lados, todos nos hemos sacrificado por el bien del equipo y eso qued\u00f3 demostrado dentro de la cancha\u201d.<\/p>\n<p>Para finalizar, y al ser consultado por la rotaci\u00f3n y los minutos y descanso de calidad que tuvo, Quinteros dijo que \u201ces importante tener una buena rotaci\u00f3n, en una competencia que ser\u00e1 largu\u00edsima, dura, fundamentalmente para llegar al final, a los playoffs frescos\u201d.<\/p>\n","protected":false},"excerpt":{"rendered":"<p>(S\u00e1bado 24 de septiembre 2016). \u201cLo importante es que el equipo jug\u00f3 con mucha intensidad\u201d, dijo el jugador franquicia Paolo Quinteros tras el gran triunfo de Regatas Corrientes sobre La Uni\u00f3n de Formosa por 88 a 66. Debut so\u00f1ado para la nueva versi\u00f3n de Regatas Corrientes en la Liga Nacional de B\u00e1squetbol. Triunfo en casa, &hellip;<\/p>\n","protected":false},"author":1,"featured_media":829,"comment_status":"open","ping_status":"open","sticky":false,"template":"","format":"standard","meta":{"footnotes":""},"categories":[66,67,68],"tags":[],"_links":{"self":[{"href":"https:\/\/crc.org.ar\/w\/wp-json\/wp\/v2\/posts\/828"}],"collection":[{"href":"https:\/\/crc.org.ar\/w\/wp-json\/wp\/v2\/posts"}],"about":[{"href":"https:\/\/crc.org.ar\/w\/wp-json\/wp\/v2\/types\/post"}],"author":[{"embeddable":true,"href":"https:\/\/crc.org.ar\/w\/wp-json\/wp\/v2\/users\/1"}],"replies":[{"embeddable":true,"href":"https:\/\/crc.org.ar\/w\/wp-json\/wp\/v2\/comments?post=828"}],"version-history":[{"count":1,"href":"https:\/\/crc.org.ar\/w\/wp-json\/wp\/v2\/posts\/828\/revisions"}],"predecessor-version":[{"id":830,"href":"https:\/\/crc.org.ar\/w\/wp-json\/wp\/v2\/posts\/828\/revisions\/830"}],"wp:featuredmedia":[{"embeddable":true,"href":"https:\/\/crc.org.ar\/w\/wp-json\/wp\/v2\/media\/829"}],"wp:attachment":[{"href":"https:\/\/crc.org.ar\/w\/wp-json\/wp\/v2\/media?parent=828"}],"wp:term":[{"taxonomy":"category","embeddable":true,"href":"https:\/\/crc.org.ar\/w\/wp-json\/wp\/v2\/categories?post=828"},{"taxonomy":"post_tag","embeddable":true,"href":"https:\/\/crc.org.ar\/w\/wp-json\/wp\/v2\/tags?post=828"}],"curies":[{"name":"wp","href":"https:\/\/api.w.org\/{rel}","templated":true}]}}