{"id":879,"date":"2016-09-28T23:19:11","date_gmt":"2016-09-29T02:19:11","guid":{"rendered":"http:\/\/www.crc.org.ar\/w\/?p=879"},"modified":"2016-09-28T23:19:11","modified_gmt":"2016-09-29T02:19:11","slug":"regatas-y-una-gira-durisima-por-santiago-del-estero","status":"publish","type":"post","link":"https:\/\/crc.org.ar\/w\/regatas-y-una-gira-durisima-por-santiago-del-estero\/","title":{"rendered":"Regatas y una gira dur\u00edsima por Santiago del Estero"},"content":{"rendered":"<p>(Mi\u00e9rcoles 28 de septiembre de 2016). Pasada la medianoche de este jueves, Regatas Corrientes emprender\u00e1 viaje a Santiago del Estero, en donde el s\u00e1bado se medir\u00e1 con Ciclista Ol\u00edmpico en La Banda, y el lunes har\u00e1 lo propio con Quimsa en la capital santiague\u00f1a.<!--more--><\/p>\n<p><span class=\"tie-dropcap \">T<\/span>ras el debut en la Liga Nacional de B\u00e1squetbol en casa, con triunfo ante La Uni\u00f3n de Formosa y derrota ante Estudiantes de Concordia, la semana en Regatas Corrientes arranc\u00f3 con una premisa: \u201ctenemos que construir un equipo competitivo\u201d.<\/p>\n<p>La frase es del entrenador <strong>Gabriel Piccato<\/strong> que sabe que la nueva versi\u00f3n de Regatas est\u00e1 en pleno proceso de construcci\u00f3n, y cada partido es una prueba para ir armando al \u201cFantasma\u201d 2016\/17.<\/p>\n<p>En este proceso, en una semana cargada de trabajo y de corregir errores, Regatas deber\u00e1 salir a la ruta, y lo har\u00e1 por Santiago del Estero, en una primera gira m\u00e1s que exigente, ante dos equipos con local\u00edas muy fuertes.<\/p>\n<p>El equipo de Piccato tendr\u00e1 su primer compromiso el s\u00e1bado, en La Banda, en donde se medir\u00e1 con Ciclista Ol\u00edmpico, y el lunes, se trasladar\u00e1 a la capital santiague\u00f1a, para medirse con Quimsa. Ambos a partir de las 22 horas.<\/p>\n<p>\u201cTenemos que aprender de los errores. Ahora ya vimos y tenemos un diagn\u00f3stico claro de qu\u00e9 nos est\u00e1 produciendo un desfasaje\u201d, dijo Piccato, adem\u00e1s de agregar que ante Estudiantes hubo \u201cciertas variables que nos desnudaron algunas falencias\u201d.<\/p>\n<p>En funci\u00f3n de ello Regatas trabajo a lo largo de la semana, sabiendo que \u201cel resultado siempre importa, trabajamos para ganar. Pero no nos podemos concentrar en el resultado porque es un evento futuro\u201d, dijo Piccato para finalizar.<\/p>\n<p><strong>EL PLANTEL<\/strong><\/p>\n<p>El plantel que viajar\u00e1 a Santiago del Estero, pasada la medianoche de este jueves, estar\u00e1 conformado por: <strong>Donald Sims, Santiago Vidal, Paolo Quinteros, Juan P. Arengo <\/strong>(Sub 23),<strong> Pablo Espinoza, Lorenzo Ottani, Fabi\u00e1n Ram\u00edrez Barrios, Javier Saiz <\/strong>(Sub 23),<strong> Joshua Duinker, y Fernando Martina.<\/strong><\/p>\n<p>La delegaci\u00f3n se completar\u00e1 con el t\u00e9cnico <strong>Gabriel Piccato<\/strong>, los asistentes <strong>Diego Vadell <\/strong>y<strong> Franco Guti\u00e9rrez,<\/strong> el preparador f\u00edsico <strong>Guillermo Stieg<\/strong>, el kinesi\u00f3logo <strong>Ricardo De los Reyes<\/strong>, y el utilero <strong>Roberto Alarc\u00f3n<\/strong>; adem\u00e1s de un juvenil que se designar\u00e1 el jueves.<\/p>\n<p>&nbsp;<\/p>\n<p>&nbsp;<\/p>\n","protected":false},"excerpt":{"rendered":"<p>(Mi\u00e9rcoles 28 de septiembre de 2016). Pasada la medianoche de este jueves, Regatas Corrientes emprender\u00e1 viaje a Santiago del Estero, en donde el s\u00e1bado se medir\u00e1 con Ciclista Ol\u00edmpico en La Banda, y el lunes har\u00e1 lo propio con Quimsa en la capital santiague\u00f1a. Tras el debut en la Liga Nacional de B\u00e1squetbol en casa, &hellip;<\/p>\n","protected":false},"author":1,"featured_media":880,"comment_status":"open","ping_status":"open","sticky":false,"template":"","format":"standard","meta":{"footnotes":""},"categories":[66,67,68],"tags":[],"_links":{"self":[{"href":"https:\/\/crc.org.ar\/w\/wp-json\/wp\/v2\/posts\/879"}],"collection":[{"href":"https:\/\/crc.org.ar\/w\/wp-json\/wp\/v2\/posts"}],"about":[{"href":"https:\/\/crc.org.ar\/w\/wp-json\/wp\/v2\/types\/post"}],"author":[{"embeddable":true,"href":"https:\/\/crc.org.ar\/w\/wp-json\/wp\/v2\/users\/1"}],"replies":[{"embeddable":true,"href":"https:\/\/crc.org.ar\/w\/wp-json\/wp\/v2\/comments?post=879"}],"version-history":[{"count":1,"href":"https:\/\/crc.org.ar\/w\/wp-json\/wp\/v2\/posts\/879\/revisions"}],"predecessor-version":[{"id":881,"href":"https:\/\/crc.org.ar\/w\/wp-json\/wp\/v2\/posts\/879\/revisions\/881"}],"wp:featuredmedia":[{"embeddable":true,"href":"https:\/\/crc.org.ar\/w\/wp-json\/wp\/v2\/media\/880"}],"wp:attachment":[{"href":"https:\/\/crc.org.ar\/w\/wp-json\/wp\/v2\/media?parent=879"}],"wp:term":[{"taxonomy":"category","embeddable":true,"href":"https:\/\/crc.org.ar\/w\/wp-json\/wp\/v2\/categories?post=879"},{"taxonomy":"post_tag","embeddable":true,"href":"https:\/\/crc.org.ar\/w\/wp-json\/wp\/v2\/tags?post=879"}],"curies":[{"name":"wp","href":"https:\/\/api.w.org\/{rel}","templated":true}]}}