{"id":896,"date":"2016-10-01T00:32:58","date_gmt":"2016-10-01T03:32:58","guid":{"rendered":"http:\/\/www.crc.org.ar\/w\/?p=896"},"modified":"2016-10-01T00:32:58","modified_gmt":"2016-10-01T03:32:58","slug":"regatas-comienza-a-buscar-y-captar-talentos-en-remo-2","status":"publish","type":"post","link":"https:\/\/crc.org.ar\/w\/regatas-comienza-a-buscar-y-captar-talentos-en-remo-2\/","title":{"rendered":"Regatas comienza a buscar y captar talentos en remo"},"content":{"rendered":"<p>(Viernes 30 septiembre de 2016). Ma\u00f1ana, a las 9 horas, en el play\u00f3n deportivo del Club de Regatas Corrientes se comenzar\u00e1n a buscar y captar talentos en remo, en el marco de la Escuela de Iniciaci\u00f3n Deportiva (EIDE).<!--more--><\/p>\n<p><span class=\"tie-dropcap \">C<\/span>hicos y chicas entre 12 y 14 a\u00f1os, con una estatura m\u00ednima de 1,55 metros en mujeres y de 1,65 a 1,70 metros en varones tendr\u00e1n una gran chance de ser captados por el Club de Regatas Corrientes para comenzar a remar.<\/p>\n<p>No es necesario ser socio del Club, s\u00f3lo tener muchas ganas de practicar deportes, en este caso puntual el remo, y saber nadar. Por lo que la comunidad correntina est\u00e1 invitada a participar, con ropa deportiva, de la primera convocatoria.<\/p>\n<p>La primera evaluaci\u00f3n para captar talentos consistir\u00e1 en ex\u00e1menes f\u00edsicos (talla, peso) y de un peque\u00f1o examen en remoerg\u00f3metro; adem\u00e1s de charlar con ellos, coment\u00f3 el coordinador de remo de Regatas, <strong>Jorge Duet.<\/strong><\/p>\n<p>As\u00ed el coordinador <strong>Jorge Duet<\/strong>, junto a los entrenadores <strong>Mar\u00eda P\u00eda Pividori, Sebasti\u00e1n Bajac <\/strong>y<strong> Nicol\u00e1s Duet<\/strong>, comenzar\u00e1 a darle vida y cuerpo a un proyecto ambicioso que en un primer objetivo buscar\u00e1 captar talentos.<\/p>\n<p>Recordemos que el Programa Escuela de Iniciaci\u00f3n Deportiva (EIDE), promovido por la Secretar\u00eda de Deportes de la Naci\u00f3n, tiene doce sedes de remo a lo largo y ancho del pa\u00eds, con seis concentradas en la provincia de Buenos Aires.<\/p>\n<p>La seis restantes est\u00e1n en Bariloche, C\u00f3rdoba, Rosario, Santa Fe, Concepci\u00f3n del Uruguay (Entre R\u00edos), y la m\u00e1s importante para el NEA, especialmente para la Corrientes, en el club de Regatas.<\/p>\n<p>Cabe se\u00f1alar que en el mes de agosto el entrenador Nacional Mart\u00edn Cambareri, a cargo del Programa, junto al presidente de Regatas, Eduardo Tassano, y el Secretario, Andr\u00e9s Ghiggeri, dieron a conocer la gran noticia.<\/p>\n","protected":false},"excerpt":{"rendered":"<p>(Viernes 30 septiembre de 2016). Ma\u00f1ana, a las 9 horas, en el play\u00f3n deportivo del Club de Regatas Corrientes se comenzar\u00e1n a buscar y captar talentos en remo, en el marco de la Escuela de Iniciaci\u00f3n Deportiva (EIDE). Chicos y chicas entre 12 y 14 a\u00f1os, con una estatura m\u00ednima de 1,55 metros en mujeres &hellip;<\/p>\n","protected":false},"author":1,"featured_media":897,"comment_status":"open","ping_status":"open","sticky":false,"template":"","format":"standard","meta":{"footnotes":""},"categories":[18],"tags":[],"_links":{"self":[{"href":"https:\/\/crc.org.ar\/w\/wp-json\/wp\/v2\/posts\/896"}],"collection":[{"href":"https:\/\/crc.org.ar\/w\/wp-json\/wp\/v2\/posts"}],"about":[{"href":"https:\/\/crc.org.ar\/w\/wp-json\/wp\/v2\/types\/post"}],"author":[{"embeddable":true,"href":"https:\/\/crc.org.ar\/w\/wp-json\/wp\/v2\/users\/1"}],"replies":[{"embeddable":true,"href":"https:\/\/crc.org.ar\/w\/wp-json\/wp\/v2\/comments?post=896"}],"version-history":[{"count":1,"href":"https:\/\/crc.org.ar\/w\/wp-json\/wp\/v2\/posts\/896\/revisions"}],"predecessor-version":[{"id":898,"href":"https:\/\/crc.org.ar\/w\/wp-json\/wp\/v2\/posts\/896\/revisions\/898"}],"wp:featuredmedia":[{"embeddable":true,"href":"https:\/\/crc.org.ar\/w\/wp-json\/wp\/v2\/media\/897"}],"wp:attachment":[{"href":"https:\/\/crc.org.ar\/w\/wp-json\/wp\/v2\/media?parent=896"}],"wp:term":[{"taxonomy":"category","embeddable":true,"href":"https:\/\/crc.org.ar\/w\/wp-json\/wp\/v2\/categories?post=896"},{"taxonomy":"post_tag","embeddable":true,"href":"https:\/\/crc.org.ar\/w\/wp-json\/wp\/v2\/tags?post=896"}],"curies":[{"name":"wp","href":"https:\/\/api.w.org\/{rel}","templated":true}]}}