{"id":8981,"date":"2018-03-12T16:17:18","date_gmt":"2018-03-12T19:17:18","guid":{"rendered":"http:\/\/www.crc.org.ar\/w\/?p=8981"},"modified":"2018-04-14T21:53:29","modified_gmt":"2018-04-15T00:53:29","slug":"se-hizo-un-trabajo-brillante-dijo-el-tecnico-gabriel-piccato","status":"publish","type":"post","link":"https:\/\/crc.org.ar\/w\/se-hizo-un-trabajo-brillante-dijo-el-tecnico-gabriel-piccato\/","title":{"rendered":"\u201cSe hizo un trabajo brillante\u201d,  dijo el t\u00e9cnico Gabriel Piccato"},"content":{"rendered":"<p>(Lunes 12 de marzo de 2018). Regatas Corrientes con una fecha de antelaci\u00f3n lleg\u00f3 al Final Four de la Liga de las Am\u00e9ricas, tras organizar la Semifinal \u201cF\u201d. Un fin de semana de\u00a0 semana perfecto, y que el entrenador <strong>Gabriel Piccato<\/strong> lo sintetiza en una frase elocuente: \u201cSe hizo un trabajo brillante\u201d.<\/p>\n<p><!--more--><\/p>\n<p><a href=\"http:\/\/www.crc.org.ar\/w\/wp-content\/uploads\/2018\/03\/Piccato1-1.jpg\"><img loading=\"lazy\" decoding=\"async\" class=\"alignleft size-medium wp-image-8984\" src=\"http:\/\/www.crc.org.ar\/w\/wp-content\/uploads\/2018\/03\/Piccato1-1-300x277.jpg\" alt=\"\" width=\"300\" height=\"277\" srcset=\"https:\/\/crc.org.ar\/w\/wp-content\/uploads\/2018\/03\/Piccato1-1-300x277.jpg 300w, https:\/\/crc.org.ar\/w\/wp-content\/uploads\/2018\/03\/Piccato1-1-768x709.jpg 768w, https:\/\/crc.org.ar\/w\/wp-content\/uploads\/2018\/03\/Piccato1-1-1024x945.jpg 1024w, https:\/\/crc.org.ar\/w\/wp-content\/uploads\/2018\/03\/Piccato1-1-800x738.jpg 800w, https:\/\/crc.org.ar\/w\/wp-content\/uploads\/2018\/03\/Piccato1-1.jpg 1536w\" sizes=\"(max-width: 300px) 100vw, 300px\" \/><\/a>\u201cSe hizo un trabajo brillante, nos tenemos que permitir disfrutar un poquito hasta el lunes a la tarde\u201d, fue el mensaje conciso y claro del entrenador de Regatas Corrientes, <strong>Gabriel Piccato<\/strong> luego de la finalizaci\u00f3n del Cuadrangular Semifinal \u201cF\u201d y lograr el objetivo de clasificar al Final Four de la Liga de las Am\u00e9ricas 2018.<\/p>\n<p>Para luego agregar que \u201cRegatas Corrientes, para mi, ha hecho este fin de semana un trabajo brillante, todo lo que involucra al Club. Porque ac\u00e1 somos visibles nosotros, pero desde la puesta en escena, de todos los empleados que trabajan diariamente para hacernos la vida m\u00e1s f\u00e1cil, hasta los dirigentes que apostaron, y con esfuerzo consiguiendo recursos y eso no se ve\u201d.<\/p>\n<p>\u201cY el compromiso del plantel, la responsabilidad de jugar ante tu p\u00fablico. Estos chicos est\u00e1n dando todo, juegan con un compromiso, independientemente del resultado. Como dec\u00eda Velasco (Julio), no es que solamente vos ten\u00e9s que hacer tu parte en esto, ten\u00e9s que hacerlo bien y mejor que el contrario, porque a veces haci\u00e9ndolo bien no te alcanza. Y ac\u00e1 este equipo lo est\u00e1 demostrando\u201d, a\u00f1adi\u00f3.<\/p>\n<p><strong>VUELTA DE TUERCA<\/strong><\/p>\n<p>Tras la clasificaci\u00f3n en la Liga de las Am\u00e9ricas, el plantel \u201cFantasma\u201d deber\u00e1 dar r\u00e1pidamente una vuelta de tuerca y enfocarse ahora en la Liga Nacional, en donde el mi\u00e9rcoles recibir\u00e1 a Pe\u00f1arol de Mar del Plata, a partir de las 21.30 horas, para luego salir a la ruta para enfrentar el domingo a Salta Basket.<\/p>\n<p>\u201cEn el asesoramiento la licenciada Grabin (Liliana) me ha dado una pauta que me parece interesante. Nosotros ahora nos olvidamos de la Liga de las Am\u00e9ricas, nos concentramos en la Liga Nacional, en un mini torneo, no se de cuantas fechas, antes del Final Four. En ese mini torneo vamos a concentrarnos en tratar de llegar con una preocupaci\u00f3n menos al Final Four, que es una posici\u00f3n estable y digna en la Liga Nacional. Si nosotros logramos eso vamos a poder concentrar todo en la Liga de las Am\u00e9ricas, que es lo trascendental\u201d, dijo al respecto.<\/p>\n<p>\u201cYa estar entre los cuatro es muy importante, pero ahora se pone en juego la b\u00fasqueda de la gloria deportiva, que pocas veces se da. Son muchos a\u00f1os, muchos partidos y las chances son pocas, son pocos los privilegiados. As\u00ed que hora a seguir construyendo el camino en buscar la gloria, porque esa no te la saca nadie\u201d, afirm\u00f3.<\/p>\n<p><strong>SIN DA\u00d1OS COLATERALES <\/strong><\/p>\n<p>Regatas Corrientes tras las dos primeras fechas de la Semifinal \u201cF\u201d lleg\u00f3 a la \u00faltima jornada con el boleto al Final Four en el bolsillo, pero con un equipo, como a lo largo de toda la temporada, perseguido por las lesiones.<\/p>\n<p>\u201cEn la construcci\u00f3n hay que tomar decisiones, como la de preservar a jugadores ante Guaros de Lara, sin faltarle el respeto a la competencia, al rival, al p\u00fablico, sin provocar da\u00f1os colaterales, ya que la posici\u00f3n de Regatas y de Guaros no iba a cambiar, y no se perjudicaba a nadie. Y utilizando a todo el plantel se sali\u00f3 a competir. Estimo que estuvimos a la altura de las circunstancias, con virtudes con defectos, pero siendo aut\u00e9nticos ante el bicampe\u00f3n, que tambi\u00e9n sali\u00f3 a competir\u201d, se\u00f1al\u00f3 Piccato.<\/p>\n<p>\u201cDesde el punto de vista f\u00edsico, Martina (Fernando) no m\u00e1s de diez minutos; Vidal (Santiago) y Harris (Alexander) preservados por prescripci\u00f3n m\u00e9dica; y Paolo Quinteros fue una decisi\u00f3n personal, porque necesitamos pensar en el futuro, seguir construyendo. Y despu\u00e9s tambi\u00e9n utilizar a toda la plantilla, comprometer a todo el personal, y sinceramente, reitero, para m\u00ed Regatas estuvo a la altura de las circunstancias\u201d, finaliz\u00f3 el entrenador regatense.<\/p>\n","protected":false},"excerpt":{"rendered":"<p>(Lunes 12 de marzo de 2018). Regatas Corrientes con una fecha de antelaci\u00f3n lleg\u00f3 al Final Four de la Liga de las Am\u00e9ricas, tras organizar la Semifinal \u201cF\u201d. Un fin de semana de\u00a0 semana perfecto, y que el entrenador Gabriel Piccato lo sintetiza en una frase elocuente: \u201cSe hizo un trabajo brillante\u201d. \u201cSe hizo un &hellip;<\/p>\n","protected":false},"author":1,"featured_media":8986,"comment_status":"closed","ping_status":"open","sticky":false,"template":"","format":"standard","meta":{"footnotes":""},"categories":[152],"tags":[],"_links":{"self":[{"href":"https:\/\/crc.org.ar\/w\/wp-json\/wp\/v2\/posts\/8981"}],"collection":[{"href":"https:\/\/crc.org.ar\/w\/wp-json\/wp\/v2\/posts"}],"about":[{"href":"https:\/\/crc.org.ar\/w\/wp-json\/wp\/v2\/types\/post"}],"author":[{"embeddable":true,"href":"https:\/\/crc.org.ar\/w\/wp-json\/wp\/v2\/users\/1"}],"replies":[{"embeddable":true,"href":"https:\/\/crc.org.ar\/w\/wp-json\/wp\/v2\/comments?post=8981"}],"version-history":[{"count":1,"href":"https:\/\/crc.org.ar\/w\/wp-json\/wp\/v2\/posts\/8981\/revisions"}],"predecessor-version":[{"id":8988,"href":"https:\/\/crc.org.ar\/w\/wp-json\/wp\/v2\/posts\/8981\/revisions\/8988"}],"wp:featuredmedia":[{"embeddable":true,"href":"https:\/\/crc.org.ar\/w\/wp-json\/wp\/v2\/media\/8986"}],"wp:attachment":[{"href":"https:\/\/crc.org.ar\/w\/wp-json\/wp\/v2\/media?parent=8981"}],"wp:term":[{"taxonomy":"category","embeddable":true,"href":"https:\/\/crc.org.ar\/w\/wp-json\/wp\/v2\/categories?post=8981"},{"taxonomy":"post_tag","embeddable":true,"href":"https:\/\/crc.org.ar\/w\/wp-json\/wp\/v2\/tags?post=8981"}],"curies":[{"name":"wp","href":"https:\/\/api.w.org\/{rel}","templated":true}]}}