{"id":9011,"date":"2018-03-12T18:00:26","date_gmt":"2018-03-12T21:00:26","guid":{"rendered":"http:\/\/www.crc.org.ar\/w\/?p=9011"},"modified":"2018-04-14T21:53:36","modified_gmt":"2018-04-15T00:53:36","slug":"joaquin-marcon-en-la-segunda-concentracion-u17-para-el-mundial","status":"publish","type":"post","link":"https:\/\/crc.org.ar\/w\/joaquin-marcon-en-la-segunda-concentracion-u17-para-el-mundial\/","title":{"rendered":"Joaqu\u00edn Marc\u00f3n en la segunda  concentraci\u00f3n U17 para el Mundial"},"content":{"rendered":"<p>(Lunes 12 de marzo de 2018). El ala pivote del Club de Regatas Corrientes, <strong>Joaqu\u00edn Marc\u00f3n<\/strong>, concentra con la Preselecci\u00f3n Nacional U17 en el CeNARD con vistas al Mundial 2018 de la categor\u00eda, a llevarse a cabo del 30 de junio y al 8 de julio pr\u00f3ximos en Rosario y Santa Fe.<\/p>\n<p><!--more--><\/p>\n<p><a href=\"http:\/\/www.crc.org.ar\/w\/wp-content\/uploads\/2018\/03\/Marcon.jpg\"><img loading=\"lazy\" decoding=\"async\" class=\"alignleft size-medium wp-image-9012\" src=\"http:\/\/www.crc.org.ar\/w\/wp-content\/uploads\/2018\/03\/Marcon-300x280.jpg\" alt=\"\" width=\"300\" height=\"280\" srcset=\"https:\/\/crc.org.ar\/w\/wp-content\/uploads\/2018\/03\/Marcon-300x280.jpg 300w, https:\/\/crc.org.ar\/w\/wp-content\/uploads\/2018\/03\/Marcon.jpg 505w\" sizes=\"(max-width: 300px) 100vw, 300px\" \/><\/a>De cara al Mundial U17 que se disputar\u00e1 pr\u00f3ximamente en Argentina, la Preselecci\u00f3n Nacional U17 comenz\u00f3 este lunes su segunda concentraci\u00f3n en el Centro Nacional de Alto Rendimiento Deportivo (CeNARD).<\/p>\n<p>El Campeonato Mundial U17 que se jugar\u00e1 en las ciudades de Rosario y Santa Fe entre el 30 de junio y el 8 de julio pr\u00f3ximos, y de all\u00ed que los trabajos, concentraciones y entrenamientos comienzan a ser cada vez exigentes para delimitar a los doce.<\/p>\n<p>Como parte de la preparaci\u00f3n para tan importante competici\u00f3n, la Preselecci\u00f3n Nacional de la categor\u00eda comenz\u00f3 este lunes, y hasta el pr\u00f3ximo domingo, una nueva concentraci\u00f3n con la presencia del pivote de Regatas Corrientes, <strong>Joaqu\u00edn Marc\u00f3n.<\/strong><\/p>\n<p>Las pr\u00e1cticas cuentan con la participaci\u00f3n de 17 jugadores al frente del director t\u00e9cnico <strong>Diego Lifchitz<\/strong>; con <strong>Pablo Romero <\/strong>y<strong> Esteban De La Fuente<\/strong> como asistentes t\u00e9cnicos, en tanto que <strong>Pablo Giusti<\/strong> es el Preparador F\u00edsico.<\/p>\n<p><strong>PRESELECCI\u00d3N<br \/>\n<\/strong><strong>NACIONAL U17 <\/strong><\/p>\n<p><strong>Base<\/strong>:\u00a0 Gast\u00f3n Bertona (Obras Sanitarias), Mateo D\u00edaz (Racing de Gualeguaych\u00fa), y Lautaro Pividori (Ciclista de Paran\u00e1).<\/p>\n<p><strong>Escolta<\/strong>: Agust\u00edn Cavall\u00edn (Argentino de Jun\u00edn), Federico Copes (Los Indios de Moreno), Bautista Lugarini (Bahia Basket), y Ezequiel Paz (Independiente de Oliva).<\/p>\n<p><strong>Alero<\/strong>: Maximo Milovich (Obras Sanitarias), Juan Cruz Scacchi (Ciclista de Paran\u00e1), Ignacio Varisco (Ferrocarril Oeste), y Federico Zezular (San Isidro de San Francisco).<\/p>\n<p><strong>Ala pivote:<\/strong> Juan Francisco Fern\u00e1ndez (Uni\u00f3n de Santa Fe), Mat\u00edas Von Schmeling (Obras Sanitarias), y Mat\u00edas Zenarrusa (Obras Sanitarias).<\/p>\n<p><strong>Pivote<\/strong>: Ignacio Bednarek (Pe\u00f1arol de Mar del Plata), Tom\u00e1s Chapero (Bah\u00eda Basket), y <strong>\u00a0Joaqu\u00edn Marc\u00f3n (Regatas Corrientes).<\/strong><\/p>\n<p>&nbsp;<\/p>\n","protected":false},"excerpt":{"rendered":"<p>(Lunes 12 de marzo de 2018). El ala pivote del Club de Regatas Corrientes, Joaqu\u00edn Marc\u00f3n, concentra con la Preselecci\u00f3n Nacional U17 en el CeNARD con vistas al Mundial 2018 de la categor\u00eda, a llevarse a cabo del 30 de junio y al 8 de julio pr\u00f3ximos en Rosario y Santa Fe. De cara al &hellip;<\/p>\n","protected":false},"author":1,"featured_media":9013,"comment_status":"closed","ping_status":"open","sticky":false,"template":"","format":"standard","meta":{"footnotes":""},"categories":[66],"tags":[],"_links":{"self":[{"href":"https:\/\/crc.org.ar\/w\/wp-json\/wp\/v2\/posts\/9011"}],"collection":[{"href":"https:\/\/crc.org.ar\/w\/wp-json\/wp\/v2\/posts"}],"about":[{"href":"https:\/\/crc.org.ar\/w\/wp-json\/wp\/v2\/types\/post"}],"author":[{"embeddable":true,"href":"https:\/\/crc.org.ar\/w\/wp-json\/wp\/v2\/users\/1"}],"replies":[{"embeddable":true,"href":"https:\/\/crc.org.ar\/w\/wp-json\/wp\/v2\/comments?post=9011"}],"version-history":[{"count":1,"href":"https:\/\/crc.org.ar\/w\/wp-json\/wp\/v2\/posts\/9011\/revisions"}],"predecessor-version":[{"id":9014,"href":"https:\/\/crc.org.ar\/w\/wp-json\/wp\/v2\/posts\/9011\/revisions\/9014"}],"wp:featuredmedia":[{"embeddable":true,"href":"https:\/\/crc.org.ar\/w\/wp-json\/wp\/v2\/media\/9013"}],"wp:attachment":[{"href":"https:\/\/crc.org.ar\/w\/wp-json\/wp\/v2\/media?parent=9011"}],"wp:term":[{"taxonomy":"category","embeddable":true,"href":"https:\/\/crc.org.ar\/w\/wp-json\/wp\/v2\/categories?post=9011"},{"taxonomy":"post_tag","embeddable":true,"href":"https:\/\/crc.org.ar\/w\/wp-json\/wp\/v2\/tags?post=9011"}],"curies":[{"name":"wp","href":"https:\/\/api.w.org\/{rel}","templated":true}]}}