{"id":9027,"date":"2018-03-14T17:05:56","date_gmt":"2018-03-14T20:05:56","guid":{"rendered":"http:\/\/www.crc.org.ar\/w\/?p=9027"},"modified":"2018-04-14T21:57:51","modified_gmt":"2018-04-15T00:57:51","slug":"obdulio-barboza-flamante-presidente-de-la-abcc","status":"publish","type":"post","link":"https:\/\/crc.org.ar\/w\/obdulio-barboza-flamante-presidente-de-la-abcc\/","title":{"rendered":"Obdulio Barboza, flamante  presidente de la ABCC"},"content":{"rendered":"<p>(Mi\u00e9rcoles 14 de marzo de 2018). El delegado del Club de Regatas Corrientes, Obdulio Orlando Barboza, que electo el martes por la noche, por once (11) votos contra dos (2), como nuevo presidente de la Asociaci\u00f3n de B\u00e1squetbol de la Ciudad de Corrientes (ABCC).<\/p>\n<p><!--more--><br \/>\n<a href=\"http:\/\/www.crc.org.ar\/w\/wp-content\/uploads\/2018\/03\/Barboza.jpeg\"><img loading=\"lazy\" decoding=\"async\" class=\"alignleft size-medium wp-image-9028\" src=\"http:\/\/www.crc.org.ar\/w\/wp-content\/uploads\/2018\/03\/Barboza-300x300.jpeg\" alt=\"\" width=\"300\" height=\"300\" srcset=\"https:\/\/crc.org.ar\/w\/wp-content\/uploads\/2018\/03\/Barboza-300x300.jpeg 300w, https:\/\/crc.org.ar\/w\/wp-content\/uploads\/2018\/03\/Barboza-150x150.jpeg 150w, https:\/\/crc.org.ar\/w\/wp-content\/uploads\/2018\/03\/Barboza.jpeg 591w\" sizes=\"(max-width: 300px) 100vw, 300px\" \/><\/a>El martes por la noche, en la sede del Club Deportivo Juventus, se llev\u00f3 a cabo la Asamblea General Ordinaria de la Asociaci\u00f3n de B\u00e1squetbol de la Ciudad de Corrientes (ABCC), en donde, de acuerdo al Orden del D\u00eda, se eligi\u00f3 presidente de la instituci\u00f3n; entre otros.<\/p>\n<p>Dos candidatos se presentaron para suceder a Guillermo G\u00f3mez, que estuvo en la cargo cuatro a\u00f1os; es decir dos mandatos. El delegado del Club de Regatas Corrientes, Obdulio Orlando Barboza, y Alberto Papad\u00eda.<\/p>\n<p>Papad\u00eda tuvo el voto del Club San Mart\u00edn y el Club B\u00e1squetbol C\u00f3rdoba. En tanto a Barboza lo apoyaron Alvear, San Mart\u00edn de Empedrado, Sagrado Coraz\u00f3n, Frondizi, Col\u00f3n, Sportivo Corrientes, Juventus, H\u00e9rcules, Uni\u00f3n Arroyito, Ping\u00fcinos y Regatas.<\/p>\n<p>El asamble\u00edsta del Club de Regatas Corrientes fue el vicepresidente de la Federaci\u00f3n de B\u00e1squetbol de la Provincia de Corrientes, Rafael Fond\u00f3n; en tanto no estuvieron presentes los asamble\u00edstas de 1536 Viviendas, Boca Unidos y El Tala.<\/p>\n<p>Con el once (11) a dos (2) a favor, Obdulio Barboza se convirti\u00f3 en flamante presidente de la ABCC, por un per\u00edodo de dos (2) a\u00f1os; tras m\u00e1s de cinco (5) a\u00f1os como delegado de la instituci\u00f3n del Parque Mitre.<\/p>\n<p>Ahora Barboza tiene un plazo de quince (15) d\u00edas aproximadamente para conformar la mesa ejecutiva que lo acompa\u00f1ar\u00e1 en su gesti\u00f3n, como ser Vicepresidente y Secretario, entre otros.<\/p>\n<p>En la oportunidad, y de acuerdo al Orden el D\u00eda, se procedi\u00f3 a aprobar la Memoria del per\u00edodo anterior, en tanto que para el Balance los asamble\u00edstas decidieron pasar a un cuarto intermedio para el pr\u00f3ximo 27 de marzo.<\/p>\n<p>Por \u00faltimo cabe se\u00f1alar que para la gesti\u00f3n de Barboza, Regatas Corrientes tendr\u00e1 como delegados a Dardo Pedroso, que ser\u00e1 el titular, y Ra\u00fal Stegelmann (h), que ser\u00e1 el delegado suplente.<\/p>\n","protected":false},"excerpt":{"rendered":"<p>(Mi\u00e9rcoles 14 de marzo de 2018). El delegado del Club de Regatas Corrientes, Obdulio Orlando Barboza, que electo el martes por la noche, por once (11) votos contra dos (2), como nuevo presidente de la Asociaci\u00f3n de B\u00e1squetbol de la Ciudad de Corrientes (ABCC). El martes por la noche, en la sede del Club Deportivo &hellip;<\/p>\n","protected":false},"author":1,"featured_media":9028,"comment_status":"closed","ping_status":"open","sticky":false,"template":"","format":"standard","meta":{"footnotes":""},"categories":[80],"tags":[],"_links":{"self":[{"href":"https:\/\/crc.org.ar\/w\/wp-json\/wp\/v2\/posts\/9027"}],"collection":[{"href":"https:\/\/crc.org.ar\/w\/wp-json\/wp\/v2\/posts"}],"about":[{"href":"https:\/\/crc.org.ar\/w\/wp-json\/wp\/v2\/types\/post"}],"author":[{"embeddable":true,"href":"https:\/\/crc.org.ar\/w\/wp-json\/wp\/v2\/users\/1"}],"replies":[{"embeddable":true,"href":"https:\/\/crc.org.ar\/w\/wp-json\/wp\/v2\/comments?post=9027"}],"version-history":[{"count":1,"href":"https:\/\/crc.org.ar\/w\/wp-json\/wp\/v2\/posts\/9027\/revisions"}],"predecessor-version":[{"id":9029,"href":"https:\/\/crc.org.ar\/w\/wp-json\/wp\/v2\/posts\/9027\/revisions\/9029"}],"wp:featuredmedia":[{"embeddable":true,"href":"https:\/\/crc.org.ar\/w\/wp-json\/wp\/v2\/media\/9028"}],"wp:attachment":[{"href":"https:\/\/crc.org.ar\/w\/wp-json\/wp\/v2\/media?parent=9027"}],"wp:term":[{"taxonomy":"category","embeddable":true,"href":"https:\/\/crc.org.ar\/w\/wp-json\/wp\/v2\/categories?post=9027"},{"taxonomy":"post_tag","embeddable":true,"href":"https:\/\/crc.org.ar\/w\/wp-json\/wp\/v2\/tags?post=9027"}],"curies":[{"name":"wp","href":"https:\/\/api.w.org\/{rel}","templated":true}]}}