{"id":9037,"date":"2018-03-14T22:50:27","date_gmt":"2018-03-15T01:50:27","guid":{"rendered":"http:\/\/www.crc.org.ar\/w\/?p=9037"},"modified":"2018-04-14T21:58:05","modified_gmt":"2018-04-15T00:58:05","slug":"finalmente-el-final-4-de-la-liga-de-las-americas-se-jugara-en-el-pando","status":"publish","type":"post","link":"https:\/\/crc.org.ar\/w\/finalmente-el-final-4-de-la-liga-de-las-americas-se-jugara-en-el-pando\/","title":{"rendered":"Finalmente el Final 4 de la Liga de  las Am\u00e9ricas se jugar\u00e1 en el Pando"},"content":{"rendered":"<p>(Mi\u00e9rcoles 14 de marzo de 2018). Finalmente la propuesta de Regatas Corrientes fue desestimada, y San Lorenzo tendr\u00e1 la organizaci\u00f3n del el Final4 de la Liga de las Am\u00e9ricas 2018, a jugarse el 24 y 25 de marzo pr\u00f3ximo.<\/p>\n<p><!--more--><br \/>\n<a href=\"http:\/\/www.crc.org.ar\/w\/wp-content\/uploads\/2018\/03\/Regatas-Corrientes.jpg\"><img loading=\"lazy\" decoding=\"async\" class=\"aligncenter wp-image-9038 size-full\" src=\"http:\/\/www.crc.org.ar\/w\/wp-content\/uploads\/2018\/03\/Regatas-Corrientes.jpg\" alt=\"\" width=\"2018\" height=\"1370\" srcset=\"https:\/\/crc.org.ar\/w\/wp-content\/uploads\/2018\/03\/Regatas-Corrientes.jpg 2018w, https:\/\/crc.org.ar\/w\/wp-content\/uploads\/2018\/03\/Regatas-Corrientes-300x204.jpg 300w, https:\/\/crc.org.ar\/w\/wp-content\/uploads\/2018\/03\/Regatas-Corrientes-768x521.jpg 768w, https:\/\/crc.org.ar\/w\/wp-content\/uploads\/2018\/03\/Regatas-Corrientes-1024x695.jpg 1024w, https:\/\/crc.org.ar\/w\/wp-content\/uploads\/2018\/03\/Regatas-Corrientes-110x75.jpg 110w, https:\/\/crc.org.ar\/w\/wp-content\/uploads\/2018\/03\/Regatas-Corrientes-800x543.jpg 800w\" sizes=\"(max-width: 2018px) 100vw, 2018px\" \/><\/a><\/p>\n<p>La Comisi\u00f3n de Competencias de Clubes de FIBA Am\u00e9ricas confirm\u00f3 al Polideportivo \u201cRoberto Pando\u201d de club San Lorenzo en Buenos Aires, , como sede del Final4 de la DIRECTV Liga de las Am\u00e9ricas 2018 a celebrarse los d\u00edas 24 y 25 de marzo pr\u00f3ximo.<\/p>\n<p>Durante el primer d\u00eda del Final4, en primer turno, Regatas Corrientes enfrentar\u00e1 a Mogi das Cruzes (Brasil), y San Lorenzo de Almagro (Argentina), a segundo turno se medir\u00e1 a Estudiantes Concordia (Argentina).<\/p>\n<p>Los ganadores pasar\u00e1n a jugar por el campeonato de la liga continental el 25 de marzo, cerrando la segunda jornada; mientras los perdedores jugar\u00e1n por el tercer lugar, abriendo la actividad del mismo d\u00eda.<\/p>\n<p>El bicampe\u00f3n defensor de la DIRECTV Liga de las Am\u00e9ricas, el club venezolano Guaros de Lara que levant\u00f3 el trofeo en las ediciones 2016 y 2017, qued\u00f3 eliminado en la Fase Semifinal por lo que la edici\u00f3n 2018 coronar\u00e1 un nuevo monarca continental.<\/p>\n<p>Esta ser\u00e1 la primera participaci\u00f3n de San Lorenzo en un Final4 de la Liga de las Am\u00e9ricas, as\u00ed como de Estudiantes de Concordia. Mogi das Cruzes particip\u00f3 y se llev\u00f3 el tercer puesto en la edici\u00f3n 2016, mientras que Regatas Corrientes fue campe\u00f3n continental en el 2011.<\/p>\n","protected":false},"excerpt":{"rendered":"<p>(Mi\u00e9rcoles 14 de marzo de 2018). Finalmente la propuesta de Regatas Corrientes fue desestimada, y San Lorenzo tendr\u00e1 la organizaci\u00f3n del el Final4 de la Liga de las Am\u00e9ricas 2018, a jugarse el 24 y 25 de marzo pr\u00f3ximo. La Comisi\u00f3n de Competencias de Clubes de FIBA Am\u00e9ricas confirm\u00f3 al Polideportivo \u201cRoberto Pando\u201d de club &hellip;<\/p>\n","protected":false},"author":1,"featured_media":9039,"comment_status":"closed","ping_status":"open","sticky":false,"template":"","format":"standard","meta":{"footnotes":""},"categories":[152],"tags":[],"_links":{"self":[{"href":"https:\/\/crc.org.ar\/w\/wp-json\/wp\/v2\/posts\/9037"}],"collection":[{"href":"https:\/\/crc.org.ar\/w\/wp-json\/wp\/v2\/posts"}],"about":[{"href":"https:\/\/crc.org.ar\/w\/wp-json\/wp\/v2\/types\/post"}],"author":[{"embeddable":true,"href":"https:\/\/crc.org.ar\/w\/wp-json\/wp\/v2\/users\/1"}],"replies":[{"embeddable":true,"href":"https:\/\/crc.org.ar\/w\/wp-json\/wp\/v2\/comments?post=9037"}],"version-history":[{"count":1,"href":"https:\/\/crc.org.ar\/w\/wp-json\/wp\/v2\/posts\/9037\/revisions"}],"predecessor-version":[{"id":9040,"href":"https:\/\/crc.org.ar\/w\/wp-json\/wp\/v2\/posts\/9037\/revisions\/9040"}],"wp:featuredmedia":[{"embeddable":true,"href":"https:\/\/crc.org.ar\/w\/wp-json\/wp\/v2\/media\/9039"}],"wp:attachment":[{"href":"https:\/\/crc.org.ar\/w\/wp-json\/wp\/v2\/media?parent=9037"}],"wp:term":[{"taxonomy":"category","embeddable":true,"href":"https:\/\/crc.org.ar\/w\/wp-json\/wp\/v2\/categories?post=9037"},{"taxonomy":"post_tag","embeddable":true,"href":"https:\/\/crc.org.ar\/w\/wp-json\/wp\/v2\/tags?post=9037"}],"curies":[{"name":"wp","href":"https:\/\/api.w.org\/{rel}","templated":true}]}}