{"id":904,"date":"2016-10-02T09:05:26","date_gmt":"2016-10-02T12:05:26","guid":{"rendered":"http:\/\/www.crc.org.ar\/w\/?p=904"},"modified":"2016-10-02T09:05:26","modified_gmt":"2016-10-02T12:05:26","slug":"pablo-espinoza-se-perdio-la-gira-por-santiago-del-estero","status":"publish","type":"post","link":"https:\/\/crc.org.ar\/w\/pablo-espinoza-se-perdio-la-gira-por-santiago-del-estero\/","title":{"rendered":"Pablo Espinoza se perdi\u00f3 la gira por Santiago del Estero"},"content":{"rendered":"<p>(S\u00e1bado 1 de octubre de 2016). El alero del Club de Regatas Corrientes, <strong>Pablo Espinoza<\/strong>, se perdi\u00f3 la gira por Santiago del Estero debido a una fisura en el dedo medio de la mano izquierda, lesi\u00f3n que se produjo en el \u00faltimo entrenamiento antes del viaje.<!--more--><\/p>\n<p>Una fisura en el dedo medio de la mano izquierda, impidi\u00f3 que el alero del Club de Regatas Corrientes, <strong>Pablo Espinoza<\/strong>, se suba al micro para la gira por Santiago del Estero, en el marco de la Liga Nacional de B\u00e1squetbol (LNB).<\/p>\n<p>Los ex\u00e1menes de rigor, tras un golpe en el \u00faltimo entrenamiento antes de salir a la ruta, confirm\u00f3 la lesi\u00f3n que lo mantendr\u00e1 fuera de las canchas al menos quince d\u00edas; aunque podr\u00eda reaparecer antes.<\/p>\n<p>\u201cEstoy trabajando para volver el 10 (octubre) ante Echag\u00fce. No tengo dolor y antes que me inmovilizaran la mano pod\u00eda inclusive apretar el pu\u00f1o. As\u00ed que vamos a ver la evoluci\u00f3n\u201d, dijo <strong>Pablo Espinoza. <\/strong><\/p>\n<p>El alero chaque\u00f1o se qued\u00f3 en Corrientes entrenando con el profesor <strong>Francisco Gamarra<\/strong>, para seguir en ritmo de competencia. Mucho trabajo aer\u00f3bico, tanto en gimnasio como en cancha, para volver a jugar lo antes posible.<\/p>\n","protected":false},"excerpt":{"rendered":"<p>(S\u00e1bado 1 de octubre de 2016). El alero del Club de Regatas Corrientes, Pablo Espinoza, se perdi\u00f3 la gira por Santiago del Estero debido a una fisura en el dedo medio de la mano izquierda, lesi\u00f3n que se produjo en el \u00faltimo entrenamiento antes del viaje. Una fisura en el dedo medio de la mano &hellip;<\/p>\n","protected":false},"author":1,"featured_media":905,"comment_status":"open","ping_status":"open","sticky":false,"template":"","format":"standard","meta":{"footnotes":""},"categories":[66,67,68],"tags":[],"_links":{"self":[{"href":"https:\/\/crc.org.ar\/w\/wp-json\/wp\/v2\/posts\/904"}],"collection":[{"href":"https:\/\/crc.org.ar\/w\/wp-json\/wp\/v2\/posts"}],"about":[{"href":"https:\/\/crc.org.ar\/w\/wp-json\/wp\/v2\/types\/post"}],"author":[{"embeddable":true,"href":"https:\/\/crc.org.ar\/w\/wp-json\/wp\/v2\/users\/1"}],"replies":[{"embeddable":true,"href":"https:\/\/crc.org.ar\/w\/wp-json\/wp\/v2\/comments?post=904"}],"version-history":[{"count":1,"href":"https:\/\/crc.org.ar\/w\/wp-json\/wp\/v2\/posts\/904\/revisions"}],"predecessor-version":[{"id":906,"href":"https:\/\/crc.org.ar\/w\/wp-json\/wp\/v2\/posts\/904\/revisions\/906"}],"wp:featuredmedia":[{"embeddable":true,"href":"https:\/\/crc.org.ar\/w\/wp-json\/wp\/v2\/media\/905"}],"wp:attachment":[{"href":"https:\/\/crc.org.ar\/w\/wp-json\/wp\/v2\/media?parent=904"}],"wp:term":[{"taxonomy":"category","embeddable":true,"href":"https:\/\/crc.org.ar\/w\/wp-json\/wp\/v2\/categories?post=904"},{"taxonomy":"post_tag","embeddable":true,"href":"https:\/\/crc.org.ar\/w\/wp-json\/wp\/v2\/tags?post=904"}],"curies":[{"name":"wp","href":"https:\/\/api.w.org\/{rel}","templated":true}]}}