{"id":910,"date":"2016-10-02T22:58:11","date_gmt":"2016-10-03T01:58:11","guid":{"rendered":"http:\/\/www.crc.org.ar\/w\/?p=910"},"modified":"2016-10-02T22:58:11","modified_gmt":"2016-10-03T01:58:11","slug":"regatas-y-otro-duro-examen-ante-quimsa-en-santiago","status":"publish","type":"post","link":"https:\/\/crc.org.ar\/w\/regatas-y-otro-duro-examen-ante-quimsa-en-santiago\/","title":{"rendered":"Regatas y otro duro examen ante Quimsa en Santiago"},"content":{"rendered":"<p>(Domingo 2 de octubre de 2016). En su cuarta presentaci\u00f3n en la Liga Nacional de B\u00e1squetbol (LNBA), Regatas Corrientes tendr\u00e1 otro dudo examen el lunes ante Quimsa en Santiago del Estero. El encuentro comenzar\u00e1 a las 22 horas.<!--more--><\/p>\n<p><span class=\"tie-dropcap \">C<\/span>on la imperiosa necesidad de borrar una falsa actuaci\u00f3n en La Banda, Regatas Corrientes continuar\u00e1 el lunes con su gira por Santiago del Estero, en su cuarta presentaci\u00f3n en la Liga Nacional de B\u00e1squetbol (LNB).<\/p>\n<p>El encuentro ante Quimsa, que se jugar\u00e1 en el estadio \u201cCiudad\u201d desde las 22 horas, ser\u00e1 dirigido por <strong>Sergio Tarife\u00f1o <\/strong>y<strong> Oscar Britez<\/strong>; con <strong>Rom\u00e1n Guantay<\/strong> como comisionado t\u00e9cnico.<\/p>\n<p>El equipo de <strong>Gabriel Piccato<\/strong> viene un duro traspi\u00e9 ante Ciclista Ol\u00edmpico en La Banda por 86 a 62, en una noche en donde no le salieron las cosas ante un equipo que explot\u00f3 en su m\u00e1xima dimensi\u00f3n, con <strong>Adri\u00e1n Boccia<\/strong> como m\u00e1ximo anotador.<\/p>\n<p>Al igual que ante Ol\u00edmpico, ante la \u201cFusi\u00f3n\u201d no ser\u00e1 de la partida el alero chaque\u00f1o <strong>Pablo Espinoza <\/strong>por una fisura en el dedo medio de la mano izquierda, que le impidi\u00f3 subir al micro para la gira por Santiago del Estero.<\/p>\n<p>Recordemos que la lesi\u00f3n de Espinoza se produjo tras un golpe en el \u00faltimo entrenamiento antes de salir a la ruta, y que lo mantendr\u00e1 fuera de las canchas al menos quince d\u00edas; aunque podr\u00eda reaparecer antes.<\/p>\n<p>Con el traspi\u00e9 en La Banda, Regatas tiene un record negativo de 1-2, ya que anteriormente hab\u00eda logrado un convincente triunfo ante La Uni\u00f3n de Formosa por 88 a 66, y un traspi\u00e9 duro, por la condici\u00f3n de local, ante Estudiantes de Concordia por 94 a 88.<\/p>\n<p>Quimsa, en tanto, llega al compromiso con un record positivo de 2-1, con triunfo ante Atenas de C\u00f3rdoba por 78 a 61 y una derrota ante Instituto de C\u00f3rdoba por 69 a 78, ambos a domicilio; y una victoria ante Libertad por 73 a 62, en el estadio Ciudad.<\/p>\n<p>El equipo de <strong>Silvio Santander<\/strong> mostr\u00f3, en el \u00faltimo partido, un goleo repartido en ataque y una gran defensa, con un juego en la pintura potente con <strong>Tristan Spurlock <\/strong>y<strong> Robert Blatte.<\/strong><\/p>\n<p>Ser\u00e1 otro duro examen para el \u201cFantasma\u201d que en La Banda cont\u00f3 con <strong>Fabi\u00e1n Ram\u00edrez Barrios <\/strong>(20 puntos y 6 rebotes) para mantenerse en juego y esperar alg\u00fan tipo de reacci\u00f3n, que finalmente no lleg\u00f3; muy bien complementado por <strong>Joshua Duinker<\/strong>.<\/p>\n","protected":false},"excerpt":{"rendered":"<p>(Domingo 2 de octubre de 2016). En su cuarta presentaci\u00f3n en la Liga Nacional de B\u00e1squetbol (LNBA), Regatas Corrientes tendr\u00e1 otro dudo examen el lunes ante Quimsa en Santiago del Estero. El encuentro comenzar\u00e1 a las 22 horas. Con la imperiosa necesidad de borrar una falsa actuaci\u00f3n en La Banda, Regatas Corrientes continuar\u00e1 el lunes &hellip;<\/p>\n","protected":false},"author":1,"featured_media":905,"comment_status":"open","ping_status":"open","sticky":false,"template":"","format":"standard","meta":{"footnotes":""},"categories":[66,67,68],"tags":[],"_links":{"self":[{"href":"https:\/\/crc.org.ar\/w\/wp-json\/wp\/v2\/posts\/910"}],"collection":[{"href":"https:\/\/crc.org.ar\/w\/wp-json\/wp\/v2\/posts"}],"about":[{"href":"https:\/\/crc.org.ar\/w\/wp-json\/wp\/v2\/types\/post"}],"author":[{"embeddable":true,"href":"https:\/\/crc.org.ar\/w\/wp-json\/wp\/v2\/users\/1"}],"replies":[{"embeddable":true,"href":"https:\/\/crc.org.ar\/w\/wp-json\/wp\/v2\/comments?post=910"}],"version-history":[{"count":1,"href":"https:\/\/crc.org.ar\/w\/wp-json\/wp\/v2\/posts\/910\/revisions"}],"predecessor-version":[{"id":911,"href":"https:\/\/crc.org.ar\/w\/wp-json\/wp\/v2\/posts\/910\/revisions\/911"}],"wp:featuredmedia":[{"embeddable":true,"href":"https:\/\/crc.org.ar\/w\/wp-json\/wp\/v2\/media\/905"}],"wp:attachment":[{"href":"https:\/\/crc.org.ar\/w\/wp-json\/wp\/v2\/media?parent=910"}],"wp:term":[{"taxonomy":"category","embeddable":true,"href":"https:\/\/crc.org.ar\/w\/wp-json\/wp\/v2\/categories?post=910"},{"taxonomy":"post_tag","embeddable":true,"href":"https:\/\/crc.org.ar\/w\/wp-json\/wp\/v2\/tags?post=910"}],"curies":[{"name":"wp","href":"https:\/\/api.w.org\/{rel}","templated":true}]}}