{"id":919,"date":"2016-10-05T22:45:24","date_gmt":"2016-10-06T01:45:24","guid":{"rendered":"http:\/\/www.crc.org.ar\/w\/?p=919"},"modified":"2016-10-05T22:45:24","modified_gmt":"2016-10-06T01:45:24","slug":"felix-astorga-rumbo-a-paraguay-para-el-campeonato-sudamericano","status":"publish","type":"post","link":"https:\/\/crc.org.ar\/w\/felix-astorga-rumbo-a-paraguay-para-el-campeonato-sudamericano\/","title":{"rendered":"F\u00e9lix Astorga rumbo a Paraguay para el Campeonato Sudamericano"},"content":{"rendered":"<p>(Mi\u00e9rcoles de 2016). El judoca del Club de Regatas Corrientes, <strong>F\u00e9lix Astorga<\/strong>, viajar\u00e1 ma\u00f1ana a Paraguay para sumarse a la Selecci\u00f3n Nacional de la Confederaci\u00f3n Argentina de Judo para participar del Campeonato Sudamericano Infantil y Copa Sudamericana, que se llevar\u00e1 a cabo en Luque, a partir del viernes.<!--more--><\/p>\n<p>Este jueves, en horas de la ma\u00f1ana, el judoca del Club de Regatas Corrientes, <strong>F\u00e9lix Astorga<\/strong>, viajar\u00e1 a la Rep\u00fablica del Paraguay para participar del Campeonato Sudamericano Infantil y Copa Sudamericana de judo.<\/p>\n<p><strong>F\u00e9lix Astorga<\/strong>, que competir\u00e1 en la categor\u00eda hasta 38 kilogramos Infantil \u201cA\u201d (Sub 13), ir\u00e1 acompa\u00f1ado por el Secretario de la Confederaci\u00f3n Argentina de Judo (CAJ), <strong>Eduardo Mari\u00f1o Rey.<\/strong><\/p>\n<p>El mismo jueves, por la tarde, Astorga deber\u00e1 presentar en el Coliseo, Parque Ol\u00edmpico \u201c\u00d1u Guaz\u00fa\u201d de la ciudad de Luque, donde se llevar\u00e1 a cabo la competencia, para cumplimentar con el pesaje oficial de la categor\u00eda.<\/p>\n<p>Recordemos que F\u00e9lix Astorga integrar\u00e1 la Selecci\u00f3n Nacional de la categor\u00eda Infantil \u201cA\u201d (Sub 13) hasta 38 kilos, junto a <strong>Thiago Parada<\/strong> (Formosa), <strong>Joaqu\u00edn C\u00e1ceres<\/strong> (Santa Fe) y <strong>Lautaro Coria<\/strong> (Tucum\u00e1n).<\/p>\n<p>El judoca regatense comenzar\u00e1 a competir el viernes; en tanto que la categor\u00eda Sub 15 (Infantil \u201cB\u201d) tendr\u00e1 su d\u00eda de competencia el s\u00e1bado en donde ser\u00e1 de la partida la judoca de Paso de los Libres, <strong>Eliana Ben\u00edtez<\/strong> que competir\u00e1 en la categor\u00eda hasta 48 kilogramos.<\/p>\n","protected":false},"excerpt":{"rendered":"<p>(Mi\u00e9rcoles de 2016). El judoca del Club de Regatas Corrientes, F\u00e9lix Astorga, viajar\u00e1 ma\u00f1ana a Paraguay para sumarse a la Selecci\u00f3n Nacional de la Confederaci\u00f3n Argentina de Judo para participar del Campeonato Sudamericano Infantil y Copa Sudamericana, que se llevar\u00e1 a cabo en Luque, a partir del viernes. Este jueves, en horas de la ma\u00f1ana, &hellip;<\/p>\n","protected":false},"author":1,"featured_media":920,"comment_status":"open","ping_status":"open","sticky":false,"template":"","format":"standard","meta":{"footnotes":""},"categories":[72,73],"tags":[],"_links":{"self":[{"href":"https:\/\/crc.org.ar\/w\/wp-json\/wp\/v2\/posts\/919"}],"collection":[{"href":"https:\/\/crc.org.ar\/w\/wp-json\/wp\/v2\/posts"}],"about":[{"href":"https:\/\/crc.org.ar\/w\/wp-json\/wp\/v2\/types\/post"}],"author":[{"embeddable":true,"href":"https:\/\/crc.org.ar\/w\/wp-json\/wp\/v2\/users\/1"}],"replies":[{"embeddable":true,"href":"https:\/\/crc.org.ar\/w\/wp-json\/wp\/v2\/comments?post=919"}],"version-history":[{"count":1,"href":"https:\/\/crc.org.ar\/w\/wp-json\/wp\/v2\/posts\/919\/revisions"}],"predecessor-version":[{"id":921,"href":"https:\/\/crc.org.ar\/w\/wp-json\/wp\/v2\/posts\/919\/revisions\/921"}],"wp:featuredmedia":[{"embeddable":true,"href":"https:\/\/crc.org.ar\/w\/wp-json\/wp\/v2\/media\/920"}],"wp:attachment":[{"href":"https:\/\/crc.org.ar\/w\/wp-json\/wp\/v2\/media?parent=919"}],"wp:term":[{"taxonomy":"category","embeddable":true,"href":"https:\/\/crc.org.ar\/w\/wp-json\/wp\/v2\/categories?post=919"},{"taxonomy":"post_tag","embeddable":true,"href":"https:\/\/crc.org.ar\/w\/wp-json\/wp\/v2\/tags?post=919"}],"curies":[{"name":"wp","href":"https:\/\/api.w.org\/{rel}","templated":true}]}}