{"id":9235,"date":"2018-03-22T16:46:14","date_gmt":"2018-03-22T19:46:14","guid":{"rendered":"http:\/\/www.crc.org.ar\/w\/?p=9235"},"modified":"2018-04-14T22:04:22","modified_gmt":"2018-04-15T01:04:22","slug":"obdulio-barboza-conformo-su-equipo-de-trabajo","status":"publish","type":"post","link":"https:\/\/crc.org.ar\/w\/obdulio-barboza-conformo-su-equipo-de-trabajo\/","title":{"rendered":"Obdulio Barboza conform\u00f3  su equipo de trabajo"},"content":{"rendered":"<p>(Jueves 22 de marzo de 2018). El flamante presidente de la Asociaci\u00f3n de B\u00e1squetbol de la Ciudad de Corrientes (ABCC), el regatense Obdulio Orlando Barboza conform\u00f3 su equipo de trabajo para su gesti\u00f3n. Vicepresidente Ra\u00fal Stegelman, Secretario Alfredo Wenk, y Tesorero Alberto Ojeda, entre los principales cargos.<\/p>\n<p><!--more--><\/p>\n<p>El presidente de la Asociaci\u00f3n de B\u00e1squetbol de la Ciudad de Corrientes (ABCC), el regatense Obdulio Orlando Barboza comenz\u00f3 a organizar su gesti\u00f3n y lo hizo con su equipo de trabajo.<\/p>\n<p>As\u00ed el Vicepresidente de la ABCC ser\u00e1 Ra\u00fal Stegelman (Regatas Corrientes), el Secretario Alfredo Wenk (Sportivo Corrientes), y el Tesorero Alberto Ojeda (San Martin). Prosecretario Dardo Pedroso (Regatas Corrientes), y Protesorero Oscar Silva (1536 Viviendas).<\/p>\n<p>En tanto el Honorable Tribunal de Penas, estar\u00e1 conformado por: Presidente, Dr. Leonardo Miguel Gonz\u00e1lez. Vocales titulares: Dr. Hugo Tamalet, y Dr. Jorge Vallejos. Y los suplentes Dr. Pablo Karachun, y Dra. Ver\u00f3nica Gonz\u00e1lez.<\/p>\n<p>Y por \u00faltimo la Comisi\u00f3n Revisora de Cuentas estar\u00e1 integrada por: Cr. Tirso Jos\u00e9 Pablo Soto, Cr. Daniel Balbuena, y Cr. Mario Eduardo Navas.<\/p>\n<p><strong>COMIT\u00c9 REGIONAL DE <\/strong><br \/>\n<strong>COMPETENCIA DEL NEA<\/strong><br \/>\nEn otro orden, tras la reuni\u00f3n llevada a cabo en la sede de la Federaci\u00f3n Chaque\u00f1a de B\u00e1squetbol, en Resistencia, Mario Romay, presidente de la Federaci\u00f3n Formose\u00f1a de B\u00e1squetbol fue designado como nuevo presidente del Comit\u00e9 Regional de Competencias del NEA, Regi\u00f3n VI, ejerciendo su mandato por una temporada, y con opci\u00f3n a una m\u00e1s.<br \/>\nEstuvieron presentes del conclave, el vicepresidente de la Federaci\u00f3n Correntina, Rafael Fond\u00f3n, el mencionado Romay, el secretario Mario Mart\u00ednez por la Federaci\u00f3n Formose\u00f1a, y el tesorero Ra\u00fal Bonnet por la Federaci\u00f3n Chaque\u00f1a, mientras que el titular de la Federaci\u00f3n Misionera no pudo asistir por cuestiones personales.<br \/>\nEl Comit\u00e9 Regional ven\u00eda siendo presidido desde junio del a\u00f1o pasado por el Marcelo Golob, presidente de la Federaci\u00f3n Chaque\u00f1a de B\u00e1squet, en forma provisoria, luego de la renuncia del anterior presidente, Rub\u00e9n Mart\u00ednez de la Federaci\u00f3n Misionera de B\u00e1squetbol.<br \/>\nDe esta manera, y continuando con la rotaci\u00f3n en la regi\u00f3n, la presidencia recay\u00f3 en Mario Romay.<\/p>\n","protected":false},"excerpt":{"rendered":"<p>(Jueves 22 de marzo de 2018). El flamante presidente de la Asociaci\u00f3n de B\u00e1squetbol de la Ciudad de Corrientes (ABCC), el regatense Obdulio Orlando Barboza conform\u00f3 su equipo de trabajo para su gesti\u00f3n. Vicepresidente Ra\u00fal Stegelman, Secretario Alfredo Wenk, y Tesorero Alberto Ojeda, entre los principales cargos. El presidente de la Asociaci\u00f3n de B\u00e1squetbol de &hellip;<\/p>\n","protected":false},"author":1,"featured_media":9237,"comment_status":"closed","ping_status":"open","sticky":false,"template":"","format":"standard","meta":{"footnotes":""},"categories":[80],"tags":[],"_links":{"self":[{"href":"https:\/\/crc.org.ar\/w\/wp-json\/wp\/v2\/posts\/9235"}],"collection":[{"href":"https:\/\/crc.org.ar\/w\/wp-json\/wp\/v2\/posts"}],"about":[{"href":"https:\/\/crc.org.ar\/w\/wp-json\/wp\/v2\/types\/post"}],"author":[{"embeddable":true,"href":"https:\/\/crc.org.ar\/w\/wp-json\/wp\/v2\/users\/1"}],"replies":[{"embeddable":true,"href":"https:\/\/crc.org.ar\/w\/wp-json\/wp\/v2\/comments?post=9235"}],"version-history":[{"count":1,"href":"https:\/\/crc.org.ar\/w\/wp-json\/wp\/v2\/posts\/9235\/revisions"}],"predecessor-version":[{"id":9238,"href":"https:\/\/crc.org.ar\/w\/wp-json\/wp\/v2\/posts\/9235\/revisions\/9238"}],"wp:featuredmedia":[{"embeddable":true,"href":"https:\/\/crc.org.ar\/w\/wp-json\/wp\/v2\/media\/9237"}],"wp:attachment":[{"href":"https:\/\/crc.org.ar\/w\/wp-json\/wp\/v2\/media?parent=9235"}],"wp:term":[{"taxonomy":"category","embeddable":true,"href":"https:\/\/crc.org.ar\/w\/wp-json\/wp\/v2\/categories?post=9235"},{"taxonomy":"post_tag","embeddable":true,"href":"https:\/\/crc.org.ar\/w\/wp-json\/wp\/v2\/tags?post=9235"}],"curies":[{"name":"wp","href":"https:\/\/api.w.org\/{rel}","templated":true}]}}