{"id":9252,"date":"2018-03-23T17:42:21","date_gmt":"2018-03-23T20:42:21","guid":{"rendered":"http:\/\/www.crc.org.ar\/w\/?p=9252"},"modified":"2018-03-24T21:33:59","modified_gmt":"2018-03-25T00:33:59","slug":"regatas-enfrenta-a-mogi-por-el-pase-a-la-final","status":"publish","type":"post","link":"https:\/\/crc.org.ar\/w\/regatas-enfrenta-a-mogi-por-el-pase-a-la-final\/","title":{"rendered":"Regatas enfrenta a Mogi  por el pase a la final"},"content":{"rendered":"<p>(Viernes 23 de marzo de 2018). Este s\u00e1bado, desde las 19 horas en el \u201cRoberto Pando\u201d de San Lorenzo de Almagro, Regatas Corrientes se medir\u00e1 con Mogi das Cruzes, Brasil, en busca de su segunda final en la Liga de las Am\u00e9ricas.<\/p>\n<p><!--more--><br \/>\n<a href=\"http:\/\/www.crc.org.ar\/w\/wp-content\/uploads\/2018\/03\/Piccato-2-e1521837676351.jpg\"><img loading=\"lazy\" decoding=\"async\" class=\"aligncenter wp-image-9253 size-full\" src=\"http:\/\/www.crc.org.ar\/w\/wp-content\/uploads\/2018\/03\/Piccato-2-e1521837676351.jpg\" alt=\"\" width=\"1654\" height=\"951\" srcset=\"https:\/\/crc.org.ar\/w\/wp-content\/uploads\/2018\/03\/Piccato-2-e1521837676351.jpg 1654w, https:\/\/crc.org.ar\/w\/wp-content\/uploads\/2018\/03\/Piccato-2-e1521837676351-300x172.jpg 300w, https:\/\/crc.org.ar\/w\/wp-content\/uploads\/2018\/03\/Piccato-2-e1521837676351-768x442.jpg 768w, https:\/\/crc.org.ar\/w\/wp-content\/uploads\/2018\/03\/Piccato-2-e1521837676351-1024x589.jpg 1024w, https:\/\/crc.org.ar\/w\/wp-content\/uploads\/2018\/03\/Piccato-2-e1521837676351-800x460.jpg 800w\" sizes=\"(max-width: 1654px) 100vw, 1654px\" \/><\/a><\/p>\n<p>\u201cCuando el equipo toma conciencia de cual es el rumbo, solemos hacer cosas muy buenas\u201d, comenz\u00f3 diciendo el entrenador de Regatas Corrientes, Gabriel Piccato, de cara a una nueva cita con la historia en su gesti\u00f3n.<\/p>\n<p>\u201cConf\u00edo plenamente, porque sabemos de que manera afrontar. Y eso no significa que la consecuencia sea ganar, porque como siempre decimos no solo ten\u00e9s que hacer tu parte, sino mejor que el rival\u201d, continu\u00f3 remarcado el t\u00e9cnico.<\/p>\n<p>\u201cDe cara a lo que viene estamos en las condiciones \u00f3ptimas de construir para ganar\u201d, dijo Piccato; y lo que viene es nada m\u00e1s y nada menos que Mogi das Cruzes (Brasil); un equipo que lleva en proceso de cuatro a\u00f1os de continuidad.<\/p>\n<p><strong>GRANDES FIGURAS<\/strong><br \/>\nJimmy de Oliveira, Guilherme Filipin, Tyrone Curnell, Caio Torres, Larry Taylor y la estrella Shamell Stallworth son jugadores que llevan, algunos hasta 5 a\u00f1os, juntos en Mogi, y eso es algo poco com\u00fan de ver en el b\u00e1squet brasile\u00f1o y tambi\u00e9n argentino.<\/p>\n<p>Adem\u00e1s el equipo brasile\u00f1o mantiene a los mismos extranjeros desde 2014, tal el caso de Stallworth, que es incluso hasta llamativo, ya que gan\u00f3 la Liga de las Am\u00e9ricas 2013 y fue el MVP de la Final Four con Pinheiros y tiempo despu\u00e9s lleg\u00f3 a Mogi.<\/p>\n<p>\u201cSi logramos y mantenemos esta sinergia en la rotaci\u00f3n vamos a ser un mejor equipo. Porque de eso se trata, de juego en equipo. Y ese es un tema complejo, que lleva tiempo, que es todo un proceso\u201d, a\u00f1adi\u00f3.<\/p>\n<p>\u201cBrandon Thomas lleva no m\u00e1s de 20 d\u00edas en Regatas y parece que esta con nosotros desde que comenz\u00f3 la temporada. Y eso es muy importante para el equipo, para la rotaci\u00f3n, y nos da un plus\u201d, remarc\u00f3 Piccato.<\/p>\n<p><strong>POTENCIAR LAS<\/strong><br \/>\n<strong>INDIVIDUALIDADES<\/strong><br \/>\nClaro que Regatas Corrientes tambi\u00e9n tiene lo suyo en materia individual, como uno de los goleadores hist\u00f3ricos de la Liga Nacional y capit\u00e1n del equipo, Paolo Quinteros, integrante de la Generaci\u00f3n Dorada.<\/p>\n<p>Adem\u00e1s de jugadores que llegan en su mejor momento como el base uruguayo Santiago Vidal, el correntino Fabi\u00e1n Ram\u00edrez Barrios, y la pareja de internos Chevon Troutman y Fernando Martina.<\/p>\n<p>Como as\u00ed tambi\u00e9n el todo terreno Javier Saiz, que resign\u00f3 apetencias individuales por el bien del equipo; y la excelente apuesta a Brandon Thomas que potenci\u00f3 a la vez a Alexander Harris; adem\u00e1s del aporte permanente y justo de Juan Pablo Arengo.<\/p>\n<p>\u201cPara m\u00ed la clave es la preparaci\u00f3n personal del jugador para tener ese grado justo, necesario de concentraci\u00f3n para ejecutar con firmeza el plan. Y despu\u00e9s nadie est\u00e1 pensando en su beneficio individual, sino que el equipo llegue\u201d, se\u00f1al\u00f3 Piccato.<\/p>\n<p>\u201cParece una paradoja pero es as\u00ed. Cuando vos no buscas tu lucimiento y el equipo llega, se terminan con producciones individuales muy buenas, entonces ese es el camino\u201d, explic\u00f3 el coach sobre las claves para enfrentar a Mogi este s\u00e1bado.<\/p>\n<p><strong>HISTORIA Y <\/strong><br \/>\n<strong>ANTECEDENTE<\/strong><br \/>\nLas \u00faltimas ediciones de la Liga de las Am\u00e9ricas fueron para equipos que disputaron la Final4 en su pa\u00eds, siendo adem\u00e1s los anfitriones. Flamengo en 2014 y Guaros en 2016 y 2017.<\/p>\n<p>Mientras que las dos ediciones que se decidieron en la Argentina se repartieron los t\u00edtulos. En 2010 para Pe\u00f1arol en Mar del Plata y en 2012 para Pioneros de Quintana Roo en la ciudad de Formosa.<\/p>\n<p>Sea como fuere, los dirigidos por Guerrinha son los \u00fanicos que pueden impedir que el cetro continental se quede en Argentina, algo que no ocurre desde que lo consiguiera precisamente Regatas Corrientes en 2011, en Xalapa (M\u00e9xico).<\/p>\n","protected":false},"excerpt":{"rendered":"<p>(Viernes 23 de marzo de 2018). Este s\u00e1bado, desde las 19 horas en el \u201cRoberto Pando\u201d de San Lorenzo de Almagro, Regatas Corrientes se medir\u00e1 con Mogi das Cruzes, Brasil, en busca de su segunda final en la Liga de las Am\u00e9ricas. \u201cCuando el equipo toma conciencia de cual es el rumbo, solemos hacer cosas &hellip;<\/p>\n","protected":false},"author":1,"featured_media":9253,"comment_status":"closed","ping_status":"open","sticky":false,"template":"","format":"standard","meta":{"footnotes":""},"categories":[152],"tags":[],"_links":{"self":[{"href":"https:\/\/crc.org.ar\/w\/wp-json\/wp\/v2\/posts\/9252"}],"collection":[{"href":"https:\/\/crc.org.ar\/w\/wp-json\/wp\/v2\/posts"}],"about":[{"href":"https:\/\/crc.org.ar\/w\/wp-json\/wp\/v2\/types\/post"}],"author":[{"embeddable":true,"href":"https:\/\/crc.org.ar\/w\/wp-json\/wp\/v2\/users\/1"}],"replies":[{"embeddable":true,"href":"https:\/\/crc.org.ar\/w\/wp-json\/wp\/v2\/comments?post=9252"}],"version-history":[{"count":1,"href":"https:\/\/crc.org.ar\/w\/wp-json\/wp\/v2\/posts\/9252\/revisions"}],"predecessor-version":[{"id":9254,"href":"https:\/\/crc.org.ar\/w\/wp-json\/wp\/v2\/posts\/9252\/revisions\/9254"}],"wp:featuredmedia":[{"embeddable":true,"href":"https:\/\/crc.org.ar\/w\/wp-json\/wp\/v2\/media\/9253"}],"wp:attachment":[{"href":"https:\/\/crc.org.ar\/w\/wp-json\/wp\/v2\/media?parent=9252"}],"wp:term":[{"taxonomy":"category","embeddable":true,"href":"https:\/\/crc.org.ar\/w\/wp-json\/wp\/v2\/categories?post=9252"},{"taxonomy":"post_tag","embeddable":true,"href":"https:\/\/crc.org.ar\/w\/wp-json\/wp\/v2\/tags?post=9252"}],"curies":[{"name":"wp","href":"https:\/\/api.w.org\/{rel}","templated":true}]}}