{"id":9261,"date":"2018-03-24T21:20:47","date_gmt":"2018-03-25T00:20:47","guid":{"rendered":"http:\/\/www.crc.org.ar\/w\/?p=9261"},"modified":"2018-04-14T22:05:00","modified_gmt":"2018-04-15T01:05:00","slug":"tras-una-gran-levantada-regatas-lo-cerro-mal-y-se-quedo-sin-final","status":"publish","type":"post","link":"https:\/\/crc.org.ar\/w\/tras-una-gran-levantada-regatas-lo-cerro-mal-y-se-quedo-sin-final\/","title":{"rendered":"Tras una gran levantada, Regatas  lo cerr\u00f3 mal y se qued\u00f3 sin final"},"content":{"rendered":"<p>(S\u00e1bado 24 de marzo de 2018). Jugando un gran \u00faltimo cuarto, Regatas Corrientes lo cerr\u00f3 mal ante Mogi das Cruzes de Brasil y termin\u00f3 perdiendo 78 a 74 en el encuentro que abri\u00f3 el Final4 de la Liga de las Am\u00e9ricas 2108 en el \u201cRoberto Pando\u201d. El domingo, ante el perdedor de San Lorenzo y Estudiantes de Olavarr\u00eda definir\u00e1 el tercer puesto.<\/p>\n<p><!--more--><\/p>\n<p>Un gran arranque tuvo Regatas, recostado en una gran defensa y con un juego fluido en ofensiva, con buenas producciones de Vidal, Harris y Troutman, para establecer una m\u00e1xima de 9 puntos, 12 a 21, con un doble de Ram\u00edrez Barrios; y cerrar el primer tiempo en 14 a 21.<\/p>\n<p>En el segundo cuarto, Mogi tom\u00f3 el control del juego y del marcador. Pas\u00f3 a ganar 22 a 21, con un doble de Oliveira, a los 2 minutos. Regatas, despu\u00e9s de un 0 a 10, despert\u00f3 con un triple de Brandon\u00a0 Thomas para empatar el score en 24. Pero Taylor y Curnell estaban derechos con el aro para cerrar el primer tiempo en 42 a 35<\/p>\n<p>Regatas con la entrega de Vidal, bien tambi\u00e9n en la conducci\u00f3n y gol, volvi\u00f3 al juego a los cuatro minutos, cuando dej\u00f3 el marcador 46 a 42, pero el equipo correntino no tuvo fortuna en los minutos siguientes cuando varias pelotas salieron de adentro y Mogi comenz\u00f3 a correr, para alejarse en el marcador 60 a 50, score con el que se cerr\u00f3 el tercer cuarto.<\/p>\n<p>Con un inspirado Brandon Thomas, dos triples y doble y simple consecutivos, Regatas entr\u00f3 decididamente en juego en los \u00faltimos minutos, en donde Mogi manten\u00eda la diferencia a trav\u00e9s de los recobres ofensivos. Pero Quinteros meti\u00f3 un triple y dej\u00f3 el marcador 73 a 72, con dos minutos por jugar. All\u00ed el \u201cremero\u201d hizo todo mal y el triunfo qued\u00f3 para los brasile\u00f1os por 78 a 74.<\/p>\n<p><strong>S\u00edntesis<\/strong><\/p>\n<p><strong>Mogi (78)<\/strong>: Larry Taylor 13, Jimmy Oliveira 14, Shamell Stallaworth 19, Tyrone Curnell 18, y Caio Torres 10 (FI); Guilherme Filipin 0, Wesley Sena 0, Vitor Lersch 0, y Fabricio Russo 4, DT<strong>:<\/strong> Guerrinha.<\/p>\n<p><strong>Regatas Corrientes (74)<\/strong>: Santiago Vida 14, Paolo Quinteros 11, Alexander Harris 5, Javier Saiz 2, y Chevo Troutman 14 (FI); Juan P. Arengo 2, Brandon Thomas 17, Fernando Martina 0, Fabi\u00e1n Ram\u00edrez Barrios 9, y Gerald Fitch 0. <strong>DT<\/strong>: Gabriel Piccato.<\/p>\n<p><strong>Parciales<\/strong>: 14\/21, 42\/35 (28\/14), 60\/50 (18\/15), 78\/74 (18\/24).<\/p>\n<p><strong>\u00c1rbitros<\/strong>: Jorge V\u00e1squez (Puerto Rico), Alejandro S\u00e1nchez (Uruguay), y Julio Amaya (Panam\u00e1). <strong>Estadio<\/strong>: Roberto Pando de San Lorenzo.<\/p>\n","protected":false},"excerpt":{"rendered":"<p>(S\u00e1bado 24 de marzo de 2018). Jugando un gran \u00faltimo cuarto, Regatas Corrientes lo cerr\u00f3 mal ante Mogi das Cruzes de Brasil y termin\u00f3 perdiendo 78 a 74 en el encuentro que abri\u00f3 el Final4 de la Liga de las Am\u00e9ricas 2108 en el \u201cRoberto Pando\u201d. El domingo, ante el perdedor de San Lorenzo y &hellip;<\/p>\n","protected":false},"author":1,"featured_media":9253,"comment_status":"closed","ping_status":"open","sticky":false,"template":"","format":"standard","meta":{"footnotes":""},"categories":[152],"tags":[],"_links":{"self":[{"href":"https:\/\/crc.org.ar\/w\/wp-json\/wp\/v2\/posts\/9261"}],"collection":[{"href":"https:\/\/crc.org.ar\/w\/wp-json\/wp\/v2\/posts"}],"about":[{"href":"https:\/\/crc.org.ar\/w\/wp-json\/wp\/v2\/types\/post"}],"author":[{"embeddable":true,"href":"https:\/\/crc.org.ar\/w\/wp-json\/wp\/v2\/users\/1"}],"replies":[{"embeddable":true,"href":"https:\/\/crc.org.ar\/w\/wp-json\/wp\/v2\/comments?post=9261"}],"version-history":[{"count":1,"href":"https:\/\/crc.org.ar\/w\/wp-json\/wp\/v2\/posts\/9261\/revisions"}],"predecessor-version":[{"id":9262,"href":"https:\/\/crc.org.ar\/w\/wp-json\/wp\/v2\/posts\/9261\/revisions\/9262"}],"wp:featuredmedia":[{"embeddable":true,"href":"https:\/\/crc.org.ar\/w\/wp-json\/wp\/v2\/media\/9253"}],"wp:attachment":[{"href":"https:\/\/crc.org.ar\/w\/wp-json\/wp\/v2\/media?parent=9261"}],"wp:term":[{"taxonomy":"category","embeddable":true,"href":"https:\/\/crc.org.ar\/w\/wp-json\/wp\/v2\/categories?post=9261"},{"taxonomy":"post_tag","embeddable":true,"href":"https:\/\/crc.org.ar\/w\/wp-json\/wp\/v2\/tags?post=9261"}],"curies":[{"name":"wp","href":"https:\/\/api.w.org\/{rel}","templated":true}]}}