{"id":9425,"date":"2018-04-05T16:51:44","date_gmt":"2018-04-05T19:51:44","guid":{"rendered":"http:\/\/www.crc.org.ar\/w\/?p=9425"},"modified":"2018-04-14T22:09:01","modified_gmt":"2018-04-15T01:09:01","slug":"alejandro-vera-al-sudamericano-de-chile-2018","status":"publish","type":"post","link":"https:\/\/crc.org.ar\/w\/alejandro-vera-al-sudamericano-de-chile-2018\/","title":{"rendered":"Alejandro Vera, al Sudamericano de Chile 2018"},"content":{"rendered":"<p>(Jueves 5 de abril de 2018). La Selecci\u00f3n Argentina de remo adaptado ya tiene representante para el Sudamericano. Se realiz\u00f3 el Selectivo Nacional y el representante de Regatas Corrientes, Alejandro Vera fue el ganador de la plaza para el single masculino.<\/p>\n<p><!--more--><br \/>\n<a href=\"http:\/\/www.crc.org.ar\/w\/wp-content\/uploads\/2018\/04\/vera.jpeg\"><img loading=\"lazy\" decoding=\"async\" class=\"alignleft size-medium wp-image-9426\" src=\"http:\/\/www.crc.org.ar\/w\/wp-content\/uploads\/2018\/04\/vera-300x213.jpeg\" alt=\"\" width=\"300\" height=\"213\" srcset=\"https:\/\/crc.org.ar\/w\/wp-content\/uploads\/2018\/04\/vera-300x213.jpeg 300w, https:\/\/crc.org.ar\/w\/wp-content\/uploads\/2018\/04\/vera-768x546.jpeg 768w, https:\/\/crc.org.ar\/w\/wp-content\/uploads\/2018\/04\/vera-800x569.jpeg 800w, https:\/\/crc.org.ar\/w\/wp-content\/uploads\/2018\/04\/vera.jpeg 831w\" sizes=\"(max-width: 300px) 100vw, 300px\" \/><\/a>Tras lograr su primera presea dorada a nivel internacional al quedarse con la Copa Am\u00e9rica 2018, que se realiz\u00f3 en marzo \u00faltimo en el Nordelta, el remero del Club de Regatas Corrientes, Alejandro Vera, ahora tendr\u00e1 un nuevo desaf\u00edo.<\/p>\n<p>Se trata del Campeonato Sudamericano de remo adaptado, que se realizar\u00e1 del 19 al 22 de abril en Embalse La Luz, en Valparaiso, Chile; tras ganar la \u00fanica plaza en el Selectivo para el single masculino.<\/p>\n<p>Alejandro Vera, flamante Regatas de Oro 2017, en el Selectivo, que se llev\u00f3 a cabo en la ciudad bonaerense de Tigre, cronometro un tiempo de 10 minutos y 52 segundos para recorrer la pista nacional de 2000 metros.<\/p>\n<p>Este tiempo, inferior al realizado en la temporada 2017 (11\u201924\u201d), le vali\u00f3 ganar la plaza para el Sudamericano; al igual que el trabajo realizado en el remoerg\u00f3metro, en donde cronometro un tiempo de 8 minutos y 32 segundos (9\u201914\u201d en 2017).<\/p>\n<p>De esta forma Alejandro Vera deber\u00e1 concentrar a partir del pr\u00f3ximo 11 de marzo, y hasta el 14 de abril, con la Selecci\u00f3n Nacional para luego viajar a Valparaiso, Chile, en donde se llevar\u00e1 a cabo el Campeonato Sudamericano.<\/p>\n<p>Pero la agenda de Vera no termina all\u00ed, dado que algunos d\u00edas despu\u00e9s del Sudamericano deber\u00e1 tomar otro vuelo, esta vez a Italia en donde participar\u00e1 de la Regata Internacional de Gavirate 2018.<\/p>\n<p>De esta manera Vera confirma su excelente inicio de temporada, en donde no s\u00f3lo gan\u00f3 la Copa Am\u00e9rica sino tambi\u00e9n ha bajado sustancialmente sus tiempos, gracias a los entrenamientos mensuales que viene realizando con el staff nacional en Buenos Aires.<\/p>\n","protected":false},"excerpt":{"rendered":"<p>(Jueves 5 de abril de 2018). La Selecci\u00f3n Argentina de remo adaptado ya tiene representante para el Sudamericano. Se realiz\u00f3 el Selectivo Nacional y el representante de Regatas Corrientes, Alejandro Vera fue el ganador de la plaza para el single masculino. Tras lograr su primera presea dorada a nivel internacional al quedarse con la Copa &hellip;<\/p>\n","protected":false},"author":1,"featured_media":9426,"comment_status":"closed","ping_status":"open","sticky":false,"template":"","format":"standard","meta":{"footnotes":""},"categories":[18],"tags":[],"_links":{"self":[{"href":"https:\/\/crc.org.ar\/w\/wp-json\/wp\/v2\/posts\/9425"}],"collection":[{"href":"https:\/\/crc.org.ar\/w\/wp-json\/wp\/v2\/posts"}],"about":[{"href":"https:\/\/crc.org.ar\/w\/wp-json\/wp\/v2\/types\/post"}],"author":[{"embeddable":true,"href":"https:\/\/crc.org.ar\/w\/wp-json\/wp\/v2\/users\/1"}],"replies":[{"embeddable":true,"href":"https:\/\/crc.org.ar\/w\/wp-json\/wp\/v2\/comments?post=9425"}],"version-history":[{"count":1,"href":"https:\/\/crc.org.ar\/w\/wp-json\/wp\/v2\/posts\/9425\/revisions"}],"predecessor-version":[{"id":9427,"href":"https:\/\/crc.org.ar\/w\/wp-json\/wp\/v2\/posts\/9425\/revisions\/9427"}],"wp:featuredmedia":[{"embeddable":true,"href":"https:\/\/crc.org.ar\/w\/wp-json\/wp\/v2\/media\/9426"}],"wp:attachment":[{"href":"https:\/\/crc.org.ar\/w\/wp-json\/wp\/v2\/media?parent=9425"}],"wp:term":[{"taxonomy":"category","embeddable":true,"href":"https:\/\/crc.org.ar\/w\/wp-json\/wp\/v2\/categories?post=9425"},{"taxonomy":"post_tag","embeddable":true,"href":"https:\/\/crc.org.ar\/w\/wp-json\/wp\/v2\/tags?post=9425"}],"curies":[{"name":"wp","href":"https:\/\/api.w.org\/{rel}","templated":true}]}}