{"id":9428,"date":"2018-04-05T19:51:02","date_gmt":"2018-04-05T22:51:02","guid":{"rendered":"http:\/\/www.crc.org.ar\/w\/?p=9428"},"modified":"2018-04-14T22:09:12","modified_gmt":"2018-04-15T01:09:12","slug":"regatas-recibe-a-san-lorenzo-con-el-debut-de-cabezas-y-las-bajas-de-quinteros-y-arengo","status":"publish","type":"post","link":"https:\/\/crc.org.ar\/w\/regatas-recibe-a-san-lorenzo-con-el-debut-de-cabezas-y-las-bajas-de-quinteros-y-arengo\/","title":{"rendered":"Regatas recibe a San Lorenzo con el debut  de Cabezas y las bajas de Quinteros y Arengo"},"content":{"rendered":"<p>(Jueves 5 de abril de 2018). Con el debut del internacional base espa\u00f1ol, <strong>Carlos Cabezas<\/strong>, y las bajas de <strong>Paolo Quinteros <\/strong>y<strong> Juan P. Arengo<\/strong>, Regatas Corrientes recibir\u00e1 este viernes a San Lorenzo por la Liga Nacional. El partido arrancar\u00e1 a las 21.30 horas en el estadio del parque Mitre. <strong>Fernando Sampietro, Alejandro Zanabone <\/strong>y<strong> Oscar Martinetto<\/strong> ser\u00e1n los \u00e1rbitros.<\/p>\n<p><!--more--><\/p>\n<p><a href=\"http:\/\/www.crc.org.ar\/w\/wp-content\/uploads\/2018\/04\/Arengo.jpg\"><img loading=\"lazy\" decoding=\"async\" class=\"alignleft size-medium wp-image-9403\" src=\"http:\/\/www.crc.org.ar\/w\/wp-content\/uploads\/2018\/04\/Arengo-300x202.jpg\" alt=\"\" width=\"300\" height=\"202\" srcset=\"https:\/\/crc.org.ar\/w\/wp-content\/uploads\/2018\/04\/Arengo-300x202.jpg 300w, https:\/\/crc.org.ar\/w\/wp-content\/uploads\/2018\/04\/Arengo-768x516.jpg 768w, https:\/\/crc.org.ar\/w\/wp-content\/uploads\/2018\/04\/Arengo-1024x688.jpg 1024w, https:\/\/crc.org.ar\/w\/wp-content\/uploads\/2018\/04\/Arengo-110x75.jpg 110w, https:\/\/crc.org.ar\/w\/wp-content\/uploads\/2018\/04\/Arengo-800x538.jpg 800w, https:\/\/crc.org.ar\/w\/wp-content\/uploads\/2018\/04\/Arengo.jpg 1772w\" sizes=\"(max-width: 300px) 100vw, 300px\" \/><\/a>\u201cTendr\u00eda que ser un momento de alegr\u00eda, me encantar\u00eda estar feliz. Pero el costo es mucho m\u00e1s alto que el beneficio, entonces queda ese sabor amargo\u201d,\u00a0 as\u00ed de concreto y lapidario fue el t\u00e9cnico de Regatas Corrientes, <strong>Gabriel Piccato<\/strong>.<\/p>\n<p>Es que las lesiones marginaron a un segundo lugar el triunfo ante Bah\u00eda Basket por 90 a 78, en casa, ante el apoyo incondicional de la gente, dejando atr\u00e1s tres derrotas consecutivas. Pero la realidad es otra y este viernes el desaf\u00edo es m\u00e1s grande: San Lorenzo.<\/p>\n<p>Y para el trascendental encuentro, no ser\u00e1n de la partida el capit\u00e1n y figura <strong>Paolo Quinteros,<\/strong> y el polifuncional correntino <strong>Juan Pablo Arengo<\/strong>; en tanto el pivote cordob\u00e9s <strong>Fernando Martina<\/strong> llega entre algodones.<\/p>\n<p><strong>Quinteros<\/strong> tiene tenosinovitis peroneo lateral del tend\u00f3n izquierdo y estar\u00e1 fuera de las canchas entre 7 a 10 d\u00edas. Y <strong>Arengo<\/strong> tiene una lesi\u00f3n parcial del ligamento lateral externo, anterior y medio del tobillo derecho, que le demandar\u00e1 entre 10 a 15 d\u00edas de recuperaci\u00f3n.<\/p>\n<p>Adem\u00e1s ante Estudiantes de Concordia y Bah\u00eda Basket ya no fue de la partida el base uruguayo <strong>Santiago Vidal<\/strong> que tiene un desgarro intercostal derecho, entre la costilla 11 y 12, y estar\u00e1 fuera de las canchas aproximadamente veinte (20) d\u00edas.<\/p>\n<p>Mientras que Martina tiene un esguince leve de tobillo derecho, adem\u00e1s de dolores lumbares, pero que no le impedir\u00e1n estar este viernes ante San Lorenzo, desde las 21.30 horas en el estadio &#8220;Jos\u00e9 Jorge Contte&#8221;.<\/p>\n<p>\u201cLo positivo es el compromiso de estos chicos. Los jugadores se merecen todo mi respeto, como persona y como profesional. Lo dan todo, no se guardan absolutamente nada, as\u00ed que mi reconocimiento hac\u00eda ellos\u201d, sigui\u00f3 comentando Piccato.<\/p>\n<p>\u201cNosotros vivimos el aqu\u00ed, y el ahora. As\u00ed es el deporte profesional. Pero sinceramente me cuesta trasladarme al futuro en estas condiciones. Se suman partidos, se pierden jugadores, se incrementa la exigencia. Un escenario complicado\u201d, argumento el coach.<\/p>\n<p><strong>DEBUT ESPERADO<\/strong><\/p>\n<p>En tanto que consultado por la incorporaci\u00f3n de <strong>Carlos Cabezas<\/strong>, dijo \u201ca Cabezas le vamos a dar la camiseta y a la cancha, no hay mucho m\u00e1s que hablar. Qu\u00e9 vamos a decir de su historial, qu\u00e9 vamos a decir de sus antecedentes, simplemente excelente\u201d.<\/p>\n<p>\u201cLo que pasa es que metemos uno y sacamos cuatro \u2013se r\u00ede-, pero bueno esa es la realidad&#8221;, dijo el t\u00e9cnico <strong>Gabriel Piccato<\/strong>; y como dir\u00eda el propio entrenador &#8230; en este momento de la construcci\u00f3n, se est\u00e1 resistiendo m\u00e1s que compitiendo&#8230;<\/p>\n","protected":false},"excerpt":{"rendered":"<p>(Jueves 5 de abril de 2018). Con el debut del internacional base espa\u00f1ol, Carlos Cabezas, y las bajas de Paolo Quinteros y Juan P. Arengo, Regatas Corrientes recibir\u00e1 este viernes a San Lorenzo por la Liga Nacional. El partido arrancar\u00e1 a las 21.30 horas en el estadio del parque Mitre. Fernando Sampietro, Alejandro Zanabone y &hellip;<\/p>\n","protected":false},"author":1,"featured_media":9403,"comment_status":"closed","ping_status":"open","sticky":false,"template":"","format":"standard","meta":{"footnotes":""},"categories":[136],"tags":[],"_links":{"self":[{"href":"https:\/\/crc.org.ar\/w\/wp-json\/wp\/v2\/posts\/9428"}],"collection":[{"href":"https:\/\/crc.org.ar\/w\/wp-json\/wp\/v2\/posts"}],"about":[{"href":"https:\/\/crc.org.ar\/w\/wp-json\/wp\/v2\/types\/post"}],"author":[{"embeddable":true,"href":"https:\/\/crc.org.ar\/w\/wp-json\/wp\/v2\/users\/1"}],"replies":[{"embeddable":true,"href":"https:\/\/crc.org.ar\/w\/wp-json\/wp\/v2\/comments?post=9428"}],"version-history":[{"count":1,"href":"https:\/\/crc.org.ar\/w\/wp-json\/wp\/v2\/posts\/9428\/revisions"}],"predecessor-version":[{"id":9429,"href":"https:\/\/crc.org.ar\/w\/wp-json\/wp\/v2\/posts\/9428\/revisions\/9429"}],"wp:featuredmedia":[{"embeddable":true,"href":"https:\/\/crc.org.ar\/w\/wp-json\/wp\/v2\/media\/9403"}],"wp:attachment":[{"href":"https:\/\/crc.org.ar\/w\/wp-json\/wp\/v2\/media?parent=9428"}],"wp:term":[{"taxonomy":"category","embeddable":true,"href":"https:\/\/crc.org.ar\/w\/wp-json\/wp\/v2\/categories?post=9428"},{"taxonomy":"post_tag","embeddable":true,"href":"https:\/\/crc.org.ar\/w\/wp-json\/wp\/v2\/tags?post=9428"}],"curies":[{"name":"wp","href":"https:\/\/api.w.org\/{rel}","templated":true}]}}