{"id":951,"date":"2016-10-09T00:28:08","date_gmt":"2016-10-09T03:28:08","guid":{"rendered":"http:\/\/www.crc.org.ar\/w\/?p=951"},"modified":"2016-10-09T00:28:08","modified_gmt":"2016-10-09T03:28:08","slug":"regatas-se-pone-a-punto-para-recibir-a-echague","status":"publish","type":"post","link":"https:\/\/crc.org.ar\/w\/regatas-se-pone-a-punto-para-recibir-a-echague\/","title":{"rendered":"Regatas se pone a punto para recibir a Echag\u00fce"},"content":{"rendered":"<p>(S\u00e1bado 8 de octubre de 2016). El plantel de Regatas Corrientes, sin descanso, contin\u00faa con la puesta a punto para una nueva presentaci\u00f3n en la Liga Nacional de B\u00e1squetbol (LNB), esta vez de local este lunes ante Echag\u00fce de Paran\u00e1. El alero <strong>Pablo Espinoza<\/strong>, en duda.<!--more-->El plantel de Regatas Corrientes, sin pausas ni descansos, continuar\u00e1 ma\u00f1ana, a las 19 horas, en busca de su mejor puesta punto para el encuentro del lunes ante Echag\u00fce de Paran\u00e1.<\/p>\n<p>El partido, que comenzar\u00e1 a las 21.30 horas en el estadio del parque Mitre, representar\u00e1 la quinta presentaci\u00f3n del \u201cFantasma\u201d, tras una gira negativa por Santiago del Estero en donde no pudo ganar.<\/p>\n<p>El equipo de <strong>Gabriel Piccato<\/strong> viene de caer en sus \u00faltimas tres presentaciones, las dos \u00faltimas precisamente en Santiago del Estero, ante Ciclista Ol\u00edmpico de La Banda (86 a 62) y Quimsa (82 a 79).<\/p>\n<p>De all\u00ed que el encuentro del lunes, que ser\u00e1 dirigido por <strong>Juan Jos\u00e9 Fern\u00e1ndez <\/strong>y<strong> Silvio Guzm\u00e1n <\/strong>con <strong>Luis Duarte<\/strong> como comisionado t\u00e9cnico, es de suma importancia para el \u201cFantasma\u201d para volver al triunfo.<\/p>\n<p>Para ello necesitar\u00e1 de todo su personal, como el alero <strong>Pablo Espinoza<\/strong>, que se viene recuperando de una fisura en el dedo medio de la mano izquierda, que le impidi\u00f3 ser parte de la delegaci\u00f3n a Santiago del Estero.<\/p>\n<p>Recordemos que el alero chaque\u00f1o se qued\u00f3 en Corrientes entrenando con el profesor <strong>Francisco Gamarra<\/strong>, para seguir en ritmo de competencia, y su presencia el lunes ante Echag\u00fce est\u00e1 en duda.<\/p>\n","protected":false},"excerpt":{"rendered":"<p>(S\u00e1bado 8 de octubre de 2016). El plantel de Regatas Corrientes, sin descanso, contin\u00faa con la puesta a punto para una nueva presentaci\u00f3n en la Liga Nacional de B\u00e1squetbol (LNB), esta vez de local este lunes ante Echag\u00fce de Paran\u00e1. El alero Pablo Espinoza, en duda.El plantel de Regatas Corrientes, sin pausas ni descansos, continuar\u00e1 &hellip;<\/p>\n","protected":false},"author":1,"featured_media":905,"comment_status":"open","ping_status":"open","sticky":false,"template":"","format":"standard","meta":{"footnotes":""},"categories":[66,67,68],"tags":[],"_links":{"self":[{"href":"https:\/\/crc.org.ar\/w\/wp-json\/wp\/v2\/posts\/951"}],"collection":[{"href":"https:\/\/crc.org.ar\/w\/wp-json\/wp\/v2\/posts"}],"about":[{"href":"https:\/\/crc.org.ar\/w\/wp-json\/wp\/v2\/types\/post"}],"author":[{"embeddable":true,"href":"https:\/\/crc.org.ar\/w\/wp-json\/wp\/v2\/users\/1"}],"replies":[{"embeddable":true,"href":"https:\/\/crc.org.ar\/w\/wp-json\/wp\/v2\/comments?post=951"}],"version-history":[{"count":1,"href":"https:\/\/crc.org.ar\/w\/wp-json\/wp\/v2\/posts\/951\/revisions"}],"predecessor-version":[{"id":953,"href":"https:\/\/crc.org.ar\/w\/wp-json\/wp\/v2\/posts\/951\/revisions\/953"}],"wp:featuredmedia":[{"embeddable":true,"href":"https:\/\/crc.org.ar\/w\/wp-json\/wp\/v2\/media\/905"}],"wp:attachment":[{"href":"https:\/\/crc.org.ar\/w\/wp-json\/wp\/v2\/media?parent=951"}],"wp:term":[{"taxonomy":"category","embeddable":true,"href":"https:\/\/crc.org.ar\/w\/wp-json\/wp\/v2\/categories?post=951"},{"taxonomy":"post_tag","embeddable":true,"href":"https:\/\/crc.org.ar\/w\/wp-json\/wp\/v2\/tags?post=951"}],"curies":[{"name":"wp","href":"https:\/\/api.w.org\/{rel}","templated":true}]}}