{"id":954,"date":"2016-10-09T00:32:42","date_gmt":"2016-10-09T03:32:42","guid":{"rendered":"http:\/\/www.crc.org.ar\/w\/?p=954"},"modified":"2016-10-09T00:32:42","modified_gmt":"2016-10-09T03:32:42","slug":"florencia-gonzalez-cabanas-sera-distinguida-en-regatas","status":"publish","type":"post","link":"https:\/\/crc.org.ar\/w\/florencia-gonzalez-cabanas-sera-distinguida-en-regatas\/","title":{"rendered":"Florencia Gonz\u00e1lez Caba\u00f1as ser\u00e1 distinguida en Regatas"},"content":{"rendered":"<p>(S\u00e1bado 8 de octubre de 2016). <strong>Florencia Gonz\u00e1lez Caba\u00f1as<\/strong>, campeona sudamericana 3&#215;3 de b\u00e1squetbol sobre silla de ruedas y representante paral\u00edmpica en R\u00edo 2016, recibir\u00e1 un reconocimiento de la dirigencia del Club de Regatas Corrientes este lunes en el partido ante Echag\u00fce de Paran\u00e1 por la Liga Nacional de B\u00e1squetbol (LNB).<!--more--><\/p>\n<p><span class=\"tie-dropcap \">L<\/span>a jugadora de b\u00e1squetbol, <strong>Florencia Gonz\u00e1lez Caba\u00f1as<\/strong> recibir\u00e1 un reconocimiento de la dirigencia del Club de Regatas Corrientes este lunes en el partido ante Echag\u00fce de Paran\u00e1 por la Liga Nacional de B\u00e1squetbol (LNB).<\/p>\n<p>La deportista se subi\u00f3 a lo m\u00e1s alto del podio con la selecci\u00f3n nacional en el Sudamericano en Cali, Colombia, modalidad 3&#215;3, e integr\u00f3 la delegaci\u00f3n Argentina en los Juegos Paral\u00edmpicos R\u00edo 2016.<\/p>\n<p>La vida de <strong>Florencia<\/strong> <strong>Gonz\u00e1lez Caba\u00f1as<\/strong> tuvo un\u00a0 giro rotundo en el mes de junio de 2013, cuando sufri\u00f3 un accidente\u2013practicando otro deporte- que le produjo una lesi\u00f3n en la medula espinal.<\/p>\n<p>Debido a la lesi\u00f3n fue intervenida quir\u00fargicamente, pero como consecuencia de la gravedad de la lesi\u00f3n, sufri\u00f3 paraplejia con dependencia de silla de ruedas, es decir, perdi\u00f3 la movilidad de sus miembros inferiores.<\/p>\n<p>Posteriormente se traslad\u00f3 al Instituto de Rehabilitaci\u00f3n Fleni, donde fue reeducada en el manejo de la silla de ruedas y todo lo que atiende a su discapacidad, hasta el 22 de noviembre del a\u00f1o 2013 para regresar a Corrientes.<\/p>\n<p>M\u00e1s all\u00e1 de los \u00e9xitos deportivos, la dirigencia regatense entiende que <strong>Florencia Gonz\u00e1lez Caba\u00f1as<\/strong> es un ejemplo de vida, en especial para los m\u00e1s j\u00f3venes, y de all\u00ed que este lunes le brindar\u00e1 un humilde pero sentido reconocimiento.<\/p>\n","protected":false},"excerpt":{"rendered":"<p>(S\u00e1bado 8 de octubre de 2016). Florencia Gonz\u00e1lez Caba\u00f1as, campeona sudamericana 3&#215;3 de b\u00e1squetbol sobre silla de ruedas y representante paral\u00edmpica en R\u00edo 2016, recibir\u00e1 un reconocimiento de la dirigencia del Club de Regatas Corrientes este lunes en el partido ante Echag\u00fce de Paran\u00e1 por la Liga Nacional de B\u00e1squetbol (LNB). La jugadora de b\u00e1squetbol, &hellip;<\/p>\n","protected":false},"author":1,"featured_media":955,"comment_status":"open","ping_status":"open","sticky":false,"template":"","format":"standard","meta":{"footnotes":""},"categories":[66,67],"tags":[],"_links":{"self":[{"href":"https:\/\/crc.org.ar\/w\/wp-json\/wp\/v2\/posts\/954"}],"collection":[{"href":"https:\/\/crc.org.ar\/w\/wp-json\/wp\/v2\/posts"}],"about":[{"href":"https:\/\/crc.org.ar\/w\/wp-json\/wp\/v2\/types\/post"}],"author":[{"embeddable":true,"href":"https:\/\/crc.org.ar\/w\/wp-json\/wp\/v2\/users\/1"}],"replies":[{"embeddable":true,"href":"https:\/\/crc.org.ar\/w\/wp-json\/wp\/v2\/comments?post=954"}],"version-history":[{"count":1,"href":"https:\/\/crc.org.ar\/w\/wp-json\/wp\/v2\/posts\/954\/revisions"}],"predecessor-version":[{"id":956,"href":"https:\/\/crc.org.ar\/w\/wp-json\/wp\/v2\/posts\/954\/revisions\/956"}],"wp:featuredmedia":[{"embeddable":true,"href":"https:\/\/crc.org.ar\/w\/wp-json\/wp\/v2\/media\/955"}],"wp:attachment":[{"href":"https:\/\/crc.org.ar\/w\/wp-json\/wp\/v2\/media?parent=954"}],"wp:term":[{"taxonomy":"category","embeddable":true,"href":"https:\/\/crc.org.ar\/w\/wp-json\/wp\/v2\/categories?post=954"},{"taxonomy":"post_tag","embeddable":true,"href":"https:\/\/crc.org.ar\/w\/wp-json\/wp\/v2\/tags?post=954"}],"curies":[{"name":"wp","href":"https:\/\/api.w.org\/{rel}","templated":true}]}}