{"id":957,"date":"2016-10-09T00:36:32","date_gmt":"2016-10-09T03:36:32","guid":{"rendered":"http:\/\/www.crc.org.ar\/w\/?p=957"},"modified":"2016-10-09T00:36:32","modified_gmt":"2016-10-09T03:36:32","slug":"las-tribus-del-instituto-de-educacion-fisica-desembarcan-en-regatas","status":"publish","type":"post","link":"https:\/\/crc.org.ar\/w\/las-tribus-del-instituto-de-educacion-fisica-desembarcan-en-regatas\/","title":{"rendered":"Las  Tribus del Instituto de Educaci\u00f3n F\u00edsica desembarcan en Regatas"},"content":{"rendered":"<p>(S\u00e1bado 8 de octubre de 2016). Guacara y Charr\u00faa, las Tribus del Instituto Superior de Educaci\u00f3n F\u00edsica de Corrientes, desembarcar\u00e1n en la Liga Nacional de B\u00e1squetbol de la mano de Regatas. Ser\u00e1 el lunes y jueves pr\u00f3ximos, respectivamente, cuando el \u201cFantasma\u201d reciba a Echag\u00fce de Paran\u00e1 y Quimsa de Santiago del Estero.<!--more--><\/p>\n<p>La campa\u00f1a \u201cDiez minutos de Fama\u201d impulsada por el Club de Regatas Corrientes para los entretiempos de los partidos de local del \u201cFantasma\u201d en la Liga Nacional de B\u00e1squetbol, sigue con una tremenda convocatoria.<\/p>\n<p>Para los encuentros ante Echag\u00fce de Paran\u00e1 y Quimsa de Santiago del Estero, la Direcci\u00f3n de Deportes del Club, al frente del profesor <strong>Jorge Esp\u00f3sito<\/strong>, seleccion\u00f3 a las tradicionales Tribus del Instituto Superior de Educaci\u00f3n F\u00edsica de Corrientes.<\/p>\n<p>Guacara y Charr\u00faa, con sus hechiceras, est\u00e1n dispuestos a brindar un espect\u00e1culo de primer nivel, en un \u201cbautismo\u201d que promete ser atrapante para propios y extra\u00f1os, por lo que el p\u00fablico podr\u00e1 conocerlos y disfrutarlos.<\/p>\n<p>La dirigencia regatense invita a seguir sum\u00e1ndose a la nueva propuesta orientada a posibilitar que todas las manifestaciones culturales de la provincia, principalmente en el baile, tengan exposici\u00f3n medi\u00e1tica, para dar a conocer sus trabajos.<\/p>\n<p>Son \u201cDiez minutos de Fama\u201d para que los gimnasios, escuelas, organizaciones, e institutos tengan la posibilidad de mostrar a la gente sus bondades, con el compromiso de la instituci\u00f3n \u201cFantasma\u201d de darle amplia difusi\u00f3n.<\/p>\n<p>Por tal motivo en la Direcci\u00f3n de Deportes de Regatas Corrientes, el profesor Esp\u00f3sito recibir\u00e1 las inquietudes y propuestas para evaluar y coordinar su puesta en escena en lo que resta de los partidos del \u201cFantasma\u201d en la Liga Nacional de B\u00e1squetbol.<\/p>\n<p>&nbsp;<\/p>\n","protected":false},"excerpt":{"rendered":"<p>(S\u00e1bado 8 de octubre de 2016). Guacara y Charr\u00faa, las Tribus del Instituto Superior de Educaci\u00f3n F\u00edsica de Corrientes, desembarcar\u00e1n en la Liga Nacional de B\u00e1squetbol de la mano de Regatas. Ser\u00e1 el lunes y jueves pr\u00f3ximos, respectivamente, cuando el \u201cFantasma\u201d reciba a Echag\u00fce de Paran\u00e1 y Quimsa de Santiago del Estero. La campa\u00f1a \u201cDiez &hellip;<\/p>\n","protected":false},"author":1,"featured_media":958,"comment_status":"open","ping_status":"open","sticky":false,"template":"","format":"standard","meta":{"footnotes":""},"categories":[66,67,68],"tags":[],"_links":{"self":[{"href":"https:\/\/crc.org.ar\/w\/wp-json\/wp\/v2\/posts\/957"}],"collection":[{"href":"https:\/\/crc.org.ar\/w\/wp-json\/wp\/v2\/posts"}],"about":[{"href":"https:\/\/crc.org.ar\/w\/wp-json\/wp\/v2\/types\/post"}],"author":[{"embeddable":true,"href":"https:\/\/crc.org.ar\/w\/wp-json\/wp\/v2\/users\/1"}],"replies":[{"embeddable":true,"href":"https:\/\/crc.org.ar\/w\/wp-json\/wp\/v2\/comments?post=957"}],"version-history":[{"count":1,"href":"https:\/\/crc.org.ar\/w\/wp-json\/wp\/v2\/posts\/957\/revisions"}],"predecessor-version":[{"id":959,"href":"https:\/\/crc.org.ar\/w\/wp-json\/wp\/v2\/posts\/957\/revisions\/959"}],"wp:featuredmedia":[{"embeddable":true,"href":"https:\/\/crc.org.ar\/w\/wp-json\/wp\/v2\/media\/958"}],"wp:attachment":[{"href":"https:\/\/crc.org.ar\/w\/wp-json\/wp\/v2\/media?parent=957"}],"wp:term":[{"taxonomy":"category","embeddable":true,"href":"https:\/\/crc.org.ar\/w\/wp-json\/wp\/v2\/categories?post=957"},{"taxonomy":"post_tag","embeddable":true,"href":"https:\/\/crc.org.ar\/w\/wp-json\/wp\/v2\/tags?post=957"}],"curies":[{"name":"wp","href":"https:\/\/api.w.org\/{rel}","templated":true}]}}