{"id":9710,"date":"2018-04-17T16:05:43","date_gmt":"2018-04-17T19:05:43","guid":{"rendered":"http:\/\/www.crc.org.ar\/w\/?p=9710"},"modified":"2018-06-02T11:46:31","modified_gmt":"2018-06-02T14:46:31","slug":"alejandro-vera-rumbo-a-chile-para-el-sudamericano-2018","status":"publish","type":"post","link":"https:\/\/crc.org.ar\/w\/alejandro-vera-rumbo-a-chile-para-el-sudamericano-2018\/","title":{"rendered":"Alejandro Vera rumbo a Chile  para el Sudamericano 2018"},"content":{"rendered":"<p>(Martes 17 de abril de 2018). El remero del Club de Regatas Corrientes, Alejandro Vera, viaj\u00f3 este lunes a Buenos Aires para embarcar este martes a Valpara\u00edso, en donde ser\u00e1 el primer y \u00fanico singlista argentino en el Campeonato Sudamericano de remo adaptado, Chile 2018.<\/p>\n<p><!--more--><\/p>\n<p><a href=\"http:\/\/www.crc.org.ar\/w\/wp-content\/uploads\/2018\/04\/camiseta-seleccion-nacional-Vera.jpg\"><img loading=\"lazy\" decoding=\"async\" class=\"alignleft size-medium wp-image-9711\" src=\"http:\/\/www.crc.org.ar\/w\/wp-content\/uploads\/2018\/04\/camiseta-seleccion-nacional-Vera-260x300.jpg\" alt=\"\" width=\"260\" height=\"300\" srcset=\"https:\/\/crc.org.ar\/w\/wp-content\/uploads\/2018\/04\/camiseta-seleccion-nacional-Vera-260x300.jpg 260w, https:\/\/crc.org.ar\/w\/wp-content\/uploads\/2018\/04\/camiseta-seleccion-nacional-Vera-768x887.jpg 768w, https:\/\/crc.org.ar\/w\/wp-content\/uploads\/2018\/04\/camiseta-seleccion-nacional-Vera-800x924.jpg 800w, https:\/\/crc.org.ar\/w\/wp-content\/uploads\/2018\/04\/camiseta-seleccion-nacional-Vera.jpg 831w\" sizes=\"(max-width: 260px) 100vw, 260px\" \/><\/a>\u201cLas expectativas son las mejores, y el objetivo es hacer podio\u201d, as\u00ed de contundente fue el remero del Club de Regatas Corrientes, Alejandro Vera, antes de viajar a Chile, en donde se disputar\u00e1 el Campeonato Sudamericano 2018.<\/p>\n<p>\u201cNo ser\u00e1 para nada f\u00e1cil. Viene Brasil, potencia en la disciplina, tambi\u00e9n Chile, que se acrecienta sus chances por ser local, todos con representantes paral\u00edmpicos y mundialistas, pero voy en busca de una medalla\u201d, a\u00f1adi\u00f3 el flamante Regatas de Oro 2017.<\/p>\n<p>\u201cMe dieron la nueva indumentaria deportiva de la Selecci\u00f3n para el Sudamericano y ver las estrofas del himno en la remera que voy a utilizar me llen\u00f3 de orgullo\u201d, dijo Vera visiblemente emocionado, al punto que se olvido de ponerse las remeras para la foto.<\/p>\n<p>Y motivos para so\u00f1ar, para ilusionarse, con los pies sobre la tierra tiene, ya que Vera viene de lograr recientemente la Copa Am\u00e9rica 2018, que se realiz\u00f3 en marzo \u00faltimo en el Nordelta, en la Provincia de Buenos Aires.<\/p>\n<p>Cabe se\u00f1alar que el Campeonato Sudamericano de remo adaptado, se realizar\u00e1 del 19 al 22 de abril en Embalse La Luz, en Valparaiso, Chile; lugar en donde tambi\u00e9n se llevar\u00e1 a cabo paralelamente el Sudamericano convencional.<\/p>\n<p>Recordemos que Alejandro Vera viene de ganar el Selectivo, que se llev\u00f3 a cabo en la ciudad bonaerense de Tigre, con un tiempo de 10 minutos y 52 segundos para recorrer la pista nacional de 2000 metros.<\/p>\n<p>Este tiempo, inferior al realizado en la temporada 2017 (11\u201924\u201d), le vali\u00f3 ganar la plaza para el Sudamericano; al igual que el trabajo realizado en el remoerg\u00f3metro, en donde cronometro un tiempo de 8 minutos y 32 segundos (9\u201914\u201d en 2017).<\/p>\n","protected":false},"excerpt":{"rendered":"<p>(Martes 17 de abril de 2018). El remero del Club de Regatas Corrientes, Alejandro Vera, viaj\u00f3 este lunes a Buenos Aires para embarcar este martes a Valpara\u00edso, en donde ser\u00e1 el primer y \u00fanico singlista argentino en el Campeonato Sudamericano de remo adaptado, Chile 2018. \u201cLas expectativas son las mejores, y el objetivo es hacer &hellip;<\/p>\n","protected":false},"author":1,"featured_media":9712,"comment_status":"closed","ping_status":"open","sticky":false,"template":"","format":"standard","meta":{"footnotes":""},"categories":[18],"tags":[],"_links":{"self":[{"href":"https:\/\/crc.org.ar\/w\/wp-json\/wp\/v2\/posts\/9710"}],"collection":[{"href":"https:\/\/crc.org.ar\/w\/wp-json\/wp\/v2\/posts"}],"about":[{"href":"https:\/\/crc.org.ar\/w\/wp-json\/wp\/v2\/types\/post"}],"author":[{"embeddable":true,"href":"https:\/\/crc.org.ar\/w\/wp-json\/wp\/v2\/users\/1"}],"replies":[{"embeddable":true,"href":"https:\/\/crc.org.ar\/w\/wp-json\/wp\/v2\/comments?post=9710"}],"version-history":[{"count":1,"href":"https:\/\/crc.org.ar\/w\/wp-json\/wp\/v2\/posts\/9710\/revisions"}],"predecessor-version":[{"id":9713,"href":"https:\/\/crc.org.ar\/w\/wp-json\/wp\/v2\/posts\/9710\/revisions\/9713"}],"wp:featuredmedia":[{"embeddable":true,"href":"https:\/\/crc.org.ar\/w\/wp-json\/wp\/v2\/media\/9712"}],"wp:attachment":[{"href":"https:\/\/crc.org.ar\/w\/wp-json\/wp\/v2\/media?parent=9710"}],"wp:term":[{"taxonomy":"category","embeddable":true,"href":"https:\/\/crc.org.ar\/w\/wp-json\/wp\/v2\/categories?post=9710"},{"taxonomy":"post_tag","embeddable":true,"href":"https:\/\/crc.org.ar\/w\/wp-json\/wp\/v2\/tags?post=9710"}],"curies":[{"name":"wp","href":"https:\/\/api.w.org\/{rel}","templated":true}]}}