{"id":972,"date":"2016-10-11T23:00:15","date_gmt":"2016-10-12T02:00:15","guid":{"rendered":"http:\/\/www.crc.org.ar\/w\/?p=972"},"modified":"2016-10-11T23:00:15","modified_gmt":"2016-10-12T02:00:15","slug":"potrillo-arengo-tuvo-su-noche-mas-valiosa","status":"publish","type":"post","link":"https:\/\/crc.org.ar\/w\/potrillo-arengo-tuvo-su-noche-mas-valiosa\/","title":{"rendered":"\u201cPotrillo\u201d Arengo tuvo su noche m\u00e1s valiosa"},"content":{"rendered":"<p>(Martes 11 de octubre de 2016). <strong>Juan Pablo Arengo<\/strong> tuvo su noche m\u00e1s valiosa ante Echag\u00fce de Paran\u00e1, en donde contribuy\u00f3 al triunfo siendo el goleador de la noche con 24 puntos (2\/2 en simples, 5\/8 en dobles y 4\/5 en triples), en 33 minutos de juego.<!--more--><\/p>\n<p><span class=\"tie-dropcap \">E<\/span>l \u201cPotrillo\u201d, como se lo conoce en Regatas Corrientes, cumpli\u00f3 ante los entrerrianos 102 partidos en la Liga Nacional, desde que debut\u00f3 en la temporada 2011\/12 de la mano del entrenador <strong>Nicol\u00e1s Casal\u00e1nguida.<\/strong><\/p>\n<p>\u201cEntr\u00e9 ante Sportivo 9 de Julio en reemplazo de <strong>Ramzee Stanton<\/strong>. Me acuerdo que met\u00ed un triple y todo. As\u00ed que muy contento por este presente, y agradecido a \u201cNico\u201d (por Casal\u00e1nguida) que conf\u00edo en m\u00ed y me dio una oportunidad\u201d.<\/p>\n<p>Con Regatas, siempre en la \u201cretaguardia\u201d como todo juvenil, jug\u00f3 y gan\u00f3 hasta la Liga Nacional, en donde no pudo estar en la final en Lan\u00fas afectado al proceso de selecci\u00f3n Nacional U17 que desembocar\u00eda con el t\u00edtulo Sudamericano en Salto (Uruguay), con Arengo como capit\u00e1n y goleador de ese formidable equipo.<\/p>\n<p>\u201cMe acuerdo que estaba en la tribuna de Lan\u00fas con la hinchada, saltando, gritando, alentando, y cuando termin\u00f3 el partido salte a la cancha, casi me mato, para celebrar el t\u00edtulo. Despu\u00e9s todo un l\u00edo para entrar algo tarde al CENARD\u201d, cont\u00f3 entre risas el popular \u201cPotrillo\u201d.<\/p>\n<p>Hoy, ya Sub 23, Arengo se gan\u00f3 un lugar en el plantel \u201cFantasma\u201d d\u00e1ndole minutos de descanso de calidad a <strong>Paolo Quinteros<\/strong>. \u201cLa verdad que para m\u00ed es un honor estar al lado de Paolo. Siempre se aprende algo, su profesionalismo, su humildad. Siempre dando consejos, apoyando\u201d.<\/p>\n<p><strong>NOCHE M\u00c1S VALIOSA<\/strong><br \/>\nHasta que lleg\u00f3 su noche m\u00e1s valiosa en donde con 24 puntos se convirti\u00f3 en el goleador del juego ante Echag\u00fce, en 32 minutos en cancha, con 26 puntos de eficiencia (valoraci\u00f3n), s\u00f3lo superado por el gran juego de <strong>Javier Saiz.<\/strong><\/p>\n<p>\u201cHoy me toc\u00f3 meterla, ma\u00f1ana quiz\u00e1s defender, pero lo importante es siempre estar al servicio del equipo, dar lo m\u00e1ximo en cada partido y tratar de hacer las cosas lo mejor posible, siempre pensando en el mejor funcionamiento del equipo\u201d, dijo Arengo.<\/p>\n<p>Pero lo de Arengo no s\u00f3lo fue bueno en el costado ofensivo, sino tambi\u00e9n en el defensivo en donde entablo un interesante duelo con <strong>Mat\u00edas Nocedal<\/strong>, el jugador m\u00e1s desequilibrante en el equipo de <strong>Daniel Maffei.<\/strong><\/p>\n<p>\u201cSab\u00eda que ten\u00eda una tarea dura, porque Nocedal es bueno, es el goleador de Echag\u00fce. Tuve un par de errores, como por ejemplo que me gan\u00f3 la l\u00ednea del fondo, pero que por suerte se solucionaron r\u00e1pido para el bien del equipo\u201d, coment\u00f3 al respecto.<\/p>\n<p><strong>EL PARTIDO<\/strong><br \/>\nEn tanto que respecto al partido en s\u00ed, Arengo se\u00f1al\u00f3 que \u201cest\u00e1bamos en deuda con nosotros mismos, hab\u00edamos perdido tres partidos seguidos y se nos hab\u00eda escapado el \u00faltimo partido ante Quimsa, en Santiago, sobre el final\u201d.<\/p>\n<p>\u201cSab\u00edamos que ten\u00edamos que estar firmes en la defensa, tratar de correr porque ellos estaban cortos, y por suerte pudimos manejar eso. En el inicio del tercer cuarto arrancamos muy bien y ah\u00ed lo pudimos quebrar\u201d, a\u00f1adi\u00f3.<\/p>\n<p>\u201cNo es lindo perder tres partidos seguidos, pero sabemos que esto es largo y ten\u00edamos que dar vuelta la p\u00e1gina y seguir para adelante para llegar de la mejor manera, lo mejor posible al partido, y por suerte lo pudimos hacer\u201d, sigui\u00f3 comentando.<\/p>\n<p><strong>SE VIENE QUIMSA<\/strong><\/p>\n<p>Para finalizar y consultado por el partido el jueves ante Quimsa, Arengo dijo que \u201cse viene un lindo y duro desaf\u00edo como es Quimsa. Vamos a tratar de corregir los errores que cometimos en Santiago para que ahora la victoria quede en casa\u201d.<\/p>\n","protected":false},"excerpt":{"rendered":"<p>(Martes 11 de octubre de 2016). Juan Pablo Arengo tuvo su noche m\u00e1s valiosa ante Echag\u00fce de Paran\u00e1, en donde contribuy\u00f3 al triunfo siendo el goleador de la noche con 24 puntos (2\/2 en simples, 5\/8 en dobles y 4\/5 en triples), en 33 minutos de juego. El \u201cPotrillo\u201d, como se lo conoce en Regatas &hellip;<\/p>\n","protected":false},"author":1,"featured_media":974,"comment_status":"open","ping_status":"open","sticky":false,"template":"","format":"standard","meta":{"footnotes":""},"categories":[66,67,68],"tags":[],"_links":{"self":[{"href":"https:\/\/crc.org.ar\/w\/wp-json\/wp\/v2\/posts\/972"}],"collection":[{"href":"https:\/\/crc.org.ar\/w\/wp-json\/wp\/v2\/posts"}],"about":[{"href":"https:\/\/crc.org.ar\/w\/wp-json\/wp\/v2\/types\/post"}],"author":[{"embeddable":true,"href":"https:\/\/crc.org.ar\/w\/wp-json\/wp\/v2\/users\/1"}],"replies":[{"embeddable":true,"href":"https:\/\/crc.org.ar\/w\/wp-json\/wp\/v2\/comments?post=972"}],"version-history":[{"count":1,"href":"https:\/\/crc.org.ar\/w\/wp-json\/wp\/v2\/posts\/972\/revisions"}],"predecessor-version":[{"id":975,"href":"https:\/\/crc.org.ar\/w\/wp-json\/wp\/v2\/posts\/972\/revisions\/975"}],"wp:featuredmedia":[{"embeddable":true,"href":"https:\/\/crc.org.ar\/w\/wp-json\/wp\/v2\/media\/974"}],"wp:attachment":[{"href":"https:\/\/crc.org.ar\/w\/wp-json\/wp\/v2\/media?parent=972"}],"wp:term":[{"taxonomy":"category","embeddable":true,"href":"https:\/\/crc.org.ar\/w\/wp-json\/wp\/v2\/categories?post=972"},{"taxonomy":"post_tag","embeddable":true,"href":"https:\/\/crc.org.ar\/w\/wp-json\/wp\/v2\/tags?post=972"}],"curies":[{"name":"wp","href":"https:\/\/api.w.org\/{rel}","templated":true}]}}