{"id":9750,"date":"2018-04-19T18:08:27","date_gmt":"2018-04-19T21:08:27","guid":{"rendered":"http:\/\/www.crc.org.ar\/w\/?p=9750"},"modified":"2018-06-02T11:47:34","modified_gmt":"2018-06-02T14:47:34","slug":"alejandro-vera-entrena-en-la-cancha-del-embalse-lago-luz","status":"publish","type":"post","link":"https:\/\/crc.org.ar\/w\/alejandro-vera-entrena-en-la-cancha-del-embalse-lago-luz\/","title":{"rendered":"Alejandro Vera entrena en la  cancha del embalse Lago Luz"},"content":{"rendered":"<p>(Jueves 19 de abril de 2018). El remero del Club de Regatas Corrientes, <strong>Alejandro Vera<\/strong>, ya se encuentra en Valparaiso, Chile, y entrena en la cancha del Lago Luz en donde se desarrollar\u00e1 el Campeonato Sudamericano de remo adaptado 2018.<\/p>\n<p><!--more--><\/p>\n<p><a href=\"http:\/\/www.crc.org.ar\/w\/wp-content\/uploads\/2018\/04\/Vera1.jpeg\"><img loading=\"lazy\" decoding=\"async\" class=\"alignright size-medium wp-image-9751\" src=\"http:\/\/www.crc.org.ar\/w\/wp-content\/uploads\/2018\/04\/Vera1-300x293.jpeg\" alt=\"\" width=\"300\" height=\"293\" srcset=\"https:\/\/crc.org.ar\/w\/wp-content\/uploads\/2018\/04\/Vera1-300x293.jpeg 300w, https:\/\/crc.org.ar\/w\/wp-content\/uploads\/2018\/04\/Vera1.jpeg 720w\" sizes=\"(max-width: 300px) 100vw, 300px\" \/><\/a>Buscando su mejor puesta a punto y fundamentalmente adapt\u00e1ndose a su embarcaci\u00f3n, el remero del Club de Regatas Corrientes, <strong>Alejandro Vera<\/strong>, se encuentra en Chile prepar\u00e1ndose para el Campeonato Sudamericano de remo adaptado 2018.<\/p>\n<p>Cabe se\u00f1alar que el Campeonato Sudamericano de remo adaptado, se realizar\u00e1 desde este viernes y hasta el domingo en Embalse La Luz, en Valparaiso; lugar en donde tambi\u00e9n se llevar\u00e1 a cabo paralelamente el Sudamericano de remo convencional.<\/p>\n<p>&#8220;Realmente hace mucho fr\u00edo, al punto que antes de salir a remar en el lago tuve que hacer ergo&#8221;, dijo desde la concentraci\u00f3n nacional el remero <strong>Alejandro Vera<\/strong>, flamante Regatas de Oro 2017.<\/p>\n<p>&#8220;Voy a correr el s\u00e1bado, tengo entendido a las 10 horas aproximadamente, con la mejor de las expectativas. El objetivo es hacer podio\u201d, volvi\u00f3 reiterar el flamante Campe\u00f3n de la Copa Am\u00e9rica 2018 en el Nordelta.<\/p>\n<p>Recordemos que Alejandro Vera viene de ganar el Selectivo, que se llev\u00f3 a cabo en la ciudad bonaerense de Tigre, con un tiempo de 10 minutos y 52 segundos para recorrer la pista nacional de 2000 metros.<\/p>\n<p>Este tiempo, inferior al realizado en la temporada 2017 (11\u201924\u201d), le vali\u00f3 ganar la plaza para el Sudamericano; al igual que el trabajo realizado en el remoerg\u00f3metro, en donde cronometro un tiempo de 8 minutos y 32 segundos (9\u201914\u201d en 2017).<\/p>\n","protected":false},"excerpt":{"rendered":"<p>(Jueves 19 de abril de 2018). El remero del Club de Regatas Corrientes, Alejandro Vera, ya se encuentra en Valparaiso, Chile, y entrena en la cancha del Lago Luz en donde se desarrollar\u00e1 el Campeonato Sudamericano de remo adaptado 2018. Buscando su mejor puesta a punto y fundamentalmente adapt\u00e1ndose a su embarcaci\u00f3n, el remero del &hellip;<\/p>\n","protected":false},"author":1,"featured_media":9753,"comment_status":"closed","ping_status":"open","sticky":false,"template":"","format":"standard","meta":{"footnotes":""},"categories":[18],"tags":[],"_links":{"self":[{"href":"https:\/\/crc.org.ar\/w\/wp-json\/wp\/v2\/posts\/9750"}],"collection":[{"href":"https:\/\/crc.org.ar\/w\/wp-json\/wp\/v2\/posts"}],"about":[{"href":"https:\/\/crc.org.ar\/w\/wp-json\/wp\/v2\/types\/post"}],"author":[{"embeddable":true,"href":"https:\/\/crc.org.ar\/w\/wp-json\/wp\/v2\/users\/1"}],"replies":[{"embeddable":true,"href":"https:\/\/crc.org.ar\/w\/wp-json\/wp\/v2\/comments?post=9750"}],"version-history":[{"count":1,"href":"https:\/\/crc.org.ar\/w\/wp-json\/wp\/v2\/posts\/9750\/revisions"}],"predecessor-version":[{"id":9752,"href":"https:\/\/crc.org.ar\/w\/wp-json\/wp\/v2\/posts\/9750\/revisions\/9752"}],"wp:featuredmedia":[{"embeddable":true,"href":"https:\/\/crc.org.ar\/w\/wp-json\/wp\/v2\/media\/9753"}],"wp:attachment":[{"href":"https:\/\/crc.org.ar\/w\/wp-json\/wp\/v2\/media?parent=9750"}],"wp:term":[{"taxonomy":"category","embeddable":true,"href":"https:\/\/crc.org.ar\/w\/wp-json\/wp\/v2\/categories?post=9750"},{"taxonomy":"post_tag","embeddable":true,"href":"https:\/\/crc.org.ar\/w\/wp-json\/wp\/v2\/tags?post=9750"}],"curies":[{"name":"wp","href":"https:\/\/api.w.org\/{rel}","templated":true}]}}