{"id":9766,"date":"2018-04-20T16:27:16","date_gmt":"2018-04-20T19:27:16","guid":{"rendered":"http:\/\/www.crc.org.ar\/w\/?p=9766"},"modified":"2018-04-21T17:46:37","modified_gmt":"2018-04-21T20:46:37","slug":"debuta-alejandro-vera-en-el-sudamericano-chile-2018","status":"publish","type":"post","link":"https:\/\/crc.org.ar\/w\/debuta-alejandro-vera-en-el-sudamericano-chile-2018\/","title":{"rendered":"Debuta Alejandro Vera en el  Sudamericano, Chile 2018"},"content":{"rendered":"<p>(Viernes 20 de abril de 2018). Este s\u00e1bado ser\u00e1 el turno del remero del Club de Regatas Corrientes, <strong>Alejandro Vera<\/strong>, en el Campeonato Sudamericano de remo adaptado, Chile 2018. En Junior, en tanto, <strong>Sol Mar\u00eda Ordas<\/strong>, gan\u00f3 una plaza para los Juegos Ol\u00edmpicos de la Juventud, Buenos Aires 2018.<\/p>\n<p><!--more--><\/p>\n<p><a href=\"http:\/\/www.crc.org.ar\/w\/wp-content\/uploads\/2018\/04\/vera-1.jpeg\"><img loading=\"lazy\" decoding=\"async\" class=\"alignright size-medium wp-image-9767\" src=\"http:\/\/www.crc.org.ar\/w\/wp-content\/uploads\/2018\/04\/vera-1-300x213.jpeg\" alt=\"\" width=\"300\" height=\"213\" srcset=\"https:\/\/crc.org.ar\/w\/wp-content\/uploads\/2018\/04\/vera-1-300x213.jpeg 300w, https:\/\/crc.org.ar\/w\/wp-content\/uploads\/2018\/04\/vera-1-768x546.jpeg 768w, https:\/\/crc.org.ar\/w\/wp-content\/uploads\/2018\/04\/vera-1-800x569.jpeg 800w, https:\/\/crc.org.ar\/w\/wp-content\/uploads\/2018\/04\/vera-1.jpeg 831w\" sizes=\"(max-width: 300px) 100vw, 300px\" \/><\/a>La jornada del viernes en el Campeonato Sudamericano que se realiza en la Laguna La Luz de Curauma, Valpara\u00edso (Chile), comenz\u00f3 de la mejor manera para la delegaci\u00f3n Argentina de remo.<\/p>\n<p>Es que la representante del Club de Regatas San Nicol\u00e1s y de la Selecci\u00f3n Argentina, <strong>Sol Mar\u00eda Ordas<\/strong>, clasific\u00f3 en forma directa a los Juegos Ol\u00edmpicos de la Juventud, Buenos Aires 2018.<\/p>\n<p><strong>Sol Mar\u00eda Ordas<\/strong> gan\u00f3 de punta a punta la final Junior de la Regata Continental de clasificaci\u00f3n, por lo que despu\u00e9s de casi cuatro a\u00f1os de arduo trabajo tendr\u00e1 su premio Ol\u00edmpico.<\/p>\n<p>En tanto este s\u00e1bado, ser\u00e1 el turno del representante del Club de Regatas Corrientes, <strong>Alejandro Vera<\/strong>, que estar\u00e1 compitiendo a las 11 horas en el PR1 M1x (Para-rowing Single Masculino), sobre una distancia de 2000 metros.<\/p>\n<p><strong>Alejandro Vera<\/strong> cuyas \u201cexpectativas son las mejores, y el objetivo es hacer podio\u201d, seg\u00fan sus propios dichos, tendr\u00e1 como opositores a las embarcaciones de Brasil, M\u00e9xico, Paraguay, y Uruguay.<\/p>\n<p>Recordemos que <strong>Alejandro Vera<\/strong> viene de ganar el Selectivo, que se llev\u00f3 a cabo en la ciudad bonaerense de Tigre, con un tiempo de 10 minutos y 52 segundos para recorrer la pista nacional de 2000 metros.<\/p>\n","protected":false},"excerpt":{"rendered":"<p>(Viernes 20 de abril de 2018). Este s\u00e1bado ser\u00e1 el turno del remero del Club de Regatas Corrientes, Alejandro Vera, en el Campeonato Sudamericano de remo adaptado, Chile 2018. En Junior, en tanto, Sol Mar\u00eda Ordas, gan\u00f3 una plaza para los Juegos Ol\u00edmpicos de la Juventud, Buenos Aires 2018. La jornada del viernes en el &hellip;<\/p>\n","protected":false},"author":1,"featured_media":9767,"comment_status":"closed","ping_status":"open","sticky":false,"template":"","format":"standard","meta":{"footnotes":""},"categories":[18],"tags":[],"_links":{"self":[{"href":"https:\/\/crc.org.ar\/w\/wp-json\/wp\/v2\/posts\/9766"}],"collection":[{"href":"https:\/\/crc.org.ar\/w\/wp-json\/wp\/v2\/posts"}],"about":[{"href":"https:\/\/crc.org.ar\/w\/wp-json\/wp\/v2\/types\/post"}],"author":[{"embeddable":true,"href":"https:\/\/crc.org.ar\/w\/wp-json\/wp\/v2\/users\/1"}],"replies":[{"embeddable":true,"href":"https:\/\/crc.org.ar\/w\/wp-json\/wp\/v2\/comments?post=9766"}],"version-history":[{"count":1,"href":"https:\/\/crc.org.ar\/w\/wp-json\/wp\/v2\/posts\/9766\/revisions"}],"predecessor-version":[{"id":9768,"href":"https:\/\/crc.org.ar\/w\/wp-json\/wp\/v2\/posts\/9766\/revisions\/9768"}],"wp:featuredmedia":[{"embeddable":true,"href":"https:\/\/crc.org.ar\/w\/wp-json\/wp\/v2\/media\/9767"}],"wp:attachment":[{"href":"https:\/\/crc.org.ar\/w\/wp-json\/wp\/v2\/media?parent=9766"}],"wp:term":[{"taxonomy":"category","embeddable":true,"href":"https:\/\/crc.org.ar\/w\/wp-json\/wp\/v2\/categories?post=9766"},{"taxonomy":"post_tag","embeddable":true,"href":"https:\/\/crc.org.ar\/w\/wp-json\/wp\/v2\/tags?post=9766"}],"curies":[{"name":"wp","href":"https:\/\/api.w.org\/{rel}","templated":true}]}}