{"id":9774,"date":"2018-04-21T17:51:58","date_gmt":"2018-04-21T20:51:58","guid":{"rendered":"http:\/\/www.crc.org.ar\/w\/?p=9774"},"modified":"2018-06-02T11:49:20","modified_gmt":"2018-06-02T14:49:20","slug":"alejandro-vera-subcampeon-sudamericano-chile-2018","status":"publish","type":"post","link":"https:\/\/crc.org.ar\/w\/alejandro-vera-subcampeon-sudamericano-chile-2018\/","title":{"rendered":"Alejandro Vera subcampe\u00f3n Sudamericano, Chile 2018"},"content":{"rendered":"<p>(S\u00e1bado 21 de abril de 2018). El remero del Club de Regatas Corrientes, Alejandro Vera, se consagr\u00f3 subcampe\u00f3n Sudamericano de remo adaptado, Chile 2018, tras la regata corrida este s\u00e1bado en la laguna La Luz de Curauma, Valpara\u00edso.<\/p>\n<p><!--more--><\/p>\n<p>El espectacular espejo de agua de la laguna La Luz de Curauma, en Valpara\u00edso (Chile), fue testigo privilegiado de la consagraci\u00f3n del remero del Club de Regatas Corrientes, Alejandro Vera.<\/p>\n<p>En un PR1 M1x (Para-rowing Single Masculino), sobre una distancia de 2000 metros, Alejandro Vera, integrante de la Selecci\u00f3n Nacional, se qued\u00f3 con la medalla de plata en el Campeonato Sudamericano, Chile 2018.<\/p>\n<p><a href=\"http:\/\/www.crc.org.ar\/w\/wp-content\/uploads\/2018\/04\/Vera-Subcampeon-Sudamericano.jpeg\"><img loading=\"lazy\" decoding=\"async\" class=\"aligncenter size-full wp-image-9775\" src=\"http:\/\/www.crc.org.ar\/w\/wp-content\/uploads\/2018\/04\/Vera-Subcampeon-Sudamericano.jpeg\" alt=\"\" width=\"861\" height=\"886\" srcset=\"https:\/\/crc.org.ar\/w\/wp-content\/uploads\/2018\/04\/Vera-Subcampeon-Sudamericano.jpeg 861w, https:\/\/crc.org.ar\/w\/wp-content\/uploads\/2018\/04\/Vera-Subcampeon-Sudamericano-292x300.jpeg 292w, https:\/\/crc.org.ar\/w\/wp-content\/uploads\/2018\/04\/Vera-Subcampeon-Sudamericano-768x790.jpeg 768w, https:\/\/crc.org.ar\/w\/wp-content\/uploads\/2018\/04\/Vera-Subcampeon-Sudamericano-800x823.jpeg 800w\" sizes=\"(max-width: 861px) 100vw, 861px\" \/><\/a><\/p>\n<p>Vera utiliz\u00f3 un tiempo de 11 minutos, 26 segundos para recorrer 2000 metros, a s\u00f3lo 34\u201d44\/100 del ganador de la prueba el representante paral\u00edmpico brasile\u00f1o Rene Campos Pereira que marc\u00f3 un tiempo de 10 minutos, 51 segundos y 56 cent\u00e9simas.<\/p>\n<p>En tanto que el tercer escal\u00f3n del podio lo complet\u00f3 el representante de Uruguay, Enrique Font, con una marca de 12 minutos, 58 segundos y 84 cent\u00e9simas; a 2\u201907\u201d28\/100 del ganador.<\/p>\n<p>De esta manera, Alejandro Vera, flamante Regatas de Oro 2017, cumpli\u00f3 con creces sus expectativas ya que el objetivo era hacer podio, y pelearle palmo a palmo al representante brasile\u00f1o, que es remero paral\u00edmpico.<\/p>\n<p>Recordemos que Vera, en su \u00faltima presentaci\u00f3n internacional, se adjudic\u00f3 la Copa Am\u00e9rica con un tiempo de 12 minutos, 11 segundos y 22 cent\u00e9simas, para recorrer los 2.000 metros de pista en Nordelta; lo que habla a las claras de su crecimiento constante.<\/p>\n","protected":false},"excerpt":{"rendered":"<p>(S\u00e1bado 21 de abril de 2018). El remero del Club de Regatas Corrientes, Alejandro Vera, se consagr\u00f3 subcampe\u00f3n Sudamericano de remo adaptado, Chile 2018, tras la regata corrida este s\u00e1bado en la laguna La Luz de Curauma, Valpara\u00edso. El espectacular espejo de agua de la laguna La Luz de Curauma, en Valpara\u00edso (Chile), fue testigo &hellip;<\/p>\n","protected":false},"author":1,"featured_media":9776,"comment_status":"closed","ping_status":"open","sticky":false,"template":"","format":"standard","meta":{"footnotes":""},"categories":[18],"tags":[],"_links":{"self":[{"href":"https:\/\/crc.org.ar\/w\/wp-json\/wp\/v2\/posts\/9774"}],"collection":[{"href":"https:\/\/crc.org.ar\/w\/wp-json\/wp\/v2\/posts"}],"about":[{"href":"https:\/\/crc.org.ar\/w\/wp-json\/wp\/v2\/types\/post"}],"author":[{"embeddable":true,"href":"https:\/\/crc.org.ar\/w\/wp-json\/wp\/v2\/users\/1"}],"replies":[{"embeddable":true,"href":"https:\/\/crc.org.ar\/w\/wp-json\/wp\/v2\/comments?post=9774"}],"version-history":[{"count":1,"href":"https:\/\/crc.org.ar\/w\/wp-json\/wp\/v2\/posts\/9774\/revisions"}],"predecessor-version":[{"id":9777,"href":"https:\/\/crc.org.ar\/w\/wp-json\/wp\/v2\/posts\/9774\/revisions\/9777"}],"wp:featuredmedia":[{"embeddable":true,"href":"https:\/\/crc.org.ar\/w\/wp-json\/wp\/v2\/media\/9776"}],"wp:attachment":[{"href":"https:\/\/crc.org.ar\/w\/wp-json\/wp\/v2\/media?parent=9774"}],"wp:term":[{"taxonomy":"category","embeddable":true,"href":"https:\/\/crc.org.ar\/w\/wp-json\/wp\/v2\/categories?post=9774"},{"taxonomy":"post_tag","embeddable":true,"href":"https:\/\/crc.org.ar\/w\/wp-json\/wp\/v2\/tags?post=9774"}],"curies":[{"name":"wp","href":"https:\/\/api.w.org\/{rel}","templated":true}]}}