{"id":990,"date":"2016-10-13T22:55:32","date_gmt":"2016-10-14T01:55:32","guid":{"rendered":"http:\/\/www.crc.org.ar\/w\/?p=990"},"modified":"2016-10-13T22:55:32","modified_gmt":"2016-10-14T01:55:32","slug":"ciumpalo-y-arce-estaran-en-la-regata-internacional-ante-uruguay","status":"publish","type":"post","link":"https:\/\/crc.org.ar\/w\/ciumpalo-y-arce-estaran-en-la-regata-internacional-ante-uruguay\/","title":{"rendered":"Ciumpalo  y Arce estar\u00e1n en la regata internacional ante Uruguay"},"content":{"rendered":"<p>(Jueves 13 de octubre de 2016). Los remeros del Club de Regatas Corrientes, <strong>Augusto Ciumpalo y Lisandro Arce<\/strong>, fueron convocados por la AARA para participar del Encuentro de selecciones entre Argentina y Uruguay, a\u00a0 llevarse a cabo en Tigre entre los d\u00edas 27 al 29 de octubre pr\u00f3ximo.<!--more--><span class=\"tie-dropcap \">N<\/span>unca bajaron los brazos, todo lo contrario fueron constantes, disciplinados, perseverantes y trabajadores. Y finalmente, despu\u00e9s de tanto sacrificio, controles y espera, tendr\u00e1n su premio, su reconocimiento.<\/p>\n<p><strong>Augusto Ciumpalo y Lisandro Arce<\/strong>, de ellos se trata, fueron convocados para sumarse al equipo del Programa de los Juegos Ol\u00edmpicos de la Juventud, Buenos Aires 2018, que participar\u00e1 del Encuentro de selecciones entre Argentina y Uruguay.<\/p>\n<p>De esta manera, como recientemente lo hizo <strong>Sara Gianeselli<\/strong> en Chile, <strong>Ciumpalo <\/strong>(16 a\u00f1os) y<strong> Arce <\/strong>(16 a\u00f1os) tendr\u00e1n su debut internacional del 27 al 29 de octubre pr\u00f3ximo en la pista nacional de remo de Tigre, provincia de Buenos Aires.<\/p>\n<p>As\u00ed lo confirm\u00f3 este jueves la Asociaci\u00f3n Argentina de Remeros Aficionados (AARA), que adem\u00e1s anticip\u00f3 que del evento se seleccionar\u00e1n los integrantes que completar\u00e1n el equipo Nacional que participar\u00e1 del encuentro entre las selecciones de Brasil, Chile y Argentina.<\/p>\n<p>Esta gran cita, que cerrar\u00e1 los trabajos de la temporada 2016 que lleva adelante la AARA con el apoyo del ENARD (Ente Nacional de Alto Rendimiento Deportivo), se llevar\u00e1 a cabo entre el 29 de noviembre al 04 de diciembre pr\u00f3ximo tambi\u00e9n en Tigre.<\/p>\n<p>Recordemos que recientemente, Ciumpalo y Arce se colgaron la presea de bronce en la Regata Oficial, en un Doble par Menor, que se llev\u00f3 a cabo en Tigre en septiembre pasado, conmemorando el 206\u00ba Aniversario de la creaci\u00f3n de la Prefectura Naval Argentina (PNA).<\/p>\n<p>Adem\u00e1s, los remeros regatenses que ven\u00edan teniendo controles dentro del plantel de Reserva del Programa, sortearon con \u00e9xito los controles de remoerg\u00f3metro realizados en julio y el de principios de mes, lo que confirm\u00f3 su desembarco en la Selecci\u00f3n.<\/p>\n<p><strong>EL EQUIPO<\/strong><br \/>\nEl equipo de varones de Argentina estar\u00e1 integrado por: <strong>Lisando Arce <\/strong>y<strong> Augusto Ciumpalo<\/strong> (Regatas Corrientes), <strong>Santiago Arlettaz<\/strong> (N\u00e1utico Z\u00e1rate), y <strong>Fausto Claverini<\/strong> (Regatas San Nicol\u00e1s).<\/p>\n<p>Adem\u00e1s de <strong>Juan Huenchual<\/strong> (Regatas Bariloche), <strong>Juan Manuel Lujan<\/strong> (Mendoza de Regatas), <strong>Jerem\u00edas Mattano<\/strong> (N\u00e1utico El Tim\u00f3n), y <strong>Facundo Paluikis <\/strong>y<strong> Benjam\u00edn Pettinari<\/strong> (Remo Teutonia)<\/p>\n","protected":false},"excerpt":{"rendered":"<p>(Jueves 13 de octubre de 2016). Los remeros del Club de Regatas Corrientes, Augusto Ciumpalo y Lisandro Arce, fueron convocados por la AARA para participar del Encuentro de selecciones entre Argentina y Uruguay, a\u00a0 llevarse a cabo en Tigre entre los d\u00edas 27 al 29 de octubre pr\u00f3ximo.Nunca bajaron los brazos, todo lo contrario fueron &hellip;<\/p>\n","protected":false},"author":1,"featured_media":991,"comment_status":"open","ping_status":"open","sticky":false,"template":"","format":"standard","meta":{"footnotes":""},"categories":[18],"tags":[],"_links":{"self":[{"href":"https:\/\/crc.org.ar\/w\/wp-json\/wp\/v2\/posts\/990"}],"collection":[{"href":"https:\/\/crc.org.ar\/w\/wp-json\/wp\/v2\/posts"}],"about":[{"href":"https:\/\/crc.org.ar\/w\/wp-json\/wp\/v2\/types\/post"}],"author":[{"embeddable":true,"href":"https:\/\/crc.org.ar\/w\/wp-json\/wp\/v2\/users\/1"}],"replies":[{"embeddable":true,"href":"https:\/\/crc.org.ar\/w\/wp-json\/wp\/v2\/comments?post=990"}],"version-history":[{"count":1,"href":"https:\/\/crc.org.ar\/w\/wp-json\/wp\/v2\/posts\/990\/revisions"}],"predecessor-version":[{"id":992,"href":"https:\/\/crc.org.ar\/w\/wp-json\/wp\/v2\/posts\/990\/revisions\/992"}],"wp:featuredmedia":[{"embeddable":true,"href":"https:\/\/crc.org.ar\/w\/wp-json\/wp\/v2\/media\/991"}],"wp:attachment":[{"href":"https:\/\/crc.org.ar\/w\/wp-json\/wp\/v2\/media?parent=990"}],"wp:term":[{"taxonomy":"category","embeddable":true,"href":"https:\/\/crc.org.ar\/w\/wp-json\/wp\/v2\/categories?post=990"},{"taxonomy":"post_tag","embeddable":true,"href":"https:\/\/crc.org.ar\/w\/wp-json\/wp\/v2\/tags?post=990"}],"curies":[{"name":"wp","href":"https:\/\/api.w.org\/{rel}","templated":true}]}}