{"id":9928,"date":"2018-04-27T17:17:17","date_gmt":"2018-04-27T20:17:17","guid":{"rendered":"http:\/\/www.crc.org.ar\/w\/?p=9928"},"modified":"2018-06-02T11:51:48","modified_gmt":"2018-06-02T14:51:48","slug":"regatas-se-presenta-en-ciudad-de-este-en-la-regata-internacional-de-velocidad","status":"publish","type":"post","link":"https:\/\/crc.org.ar\/w\/regatas-se-presenta-en-ciudad-de-este-en-la-regata-internacional-de-velocidad\/","title":{"rendered":"Regatas se presenta en Ciudad de Este, En la Regata Internacional de Velocidad"},"content":{"rendered":"<p>(Viernes 27 de abril de 2018). El equipo de remo del Club de Regatas Corrientes se presentar\u00e1 este s\u00e1bado en Ciudad del Este, Paraguay, para participar de la III Regata Internacional de Velocidad del Campeonato Paraguayo de Remo.<\/p>\n<p><!--more--><\/p>\n<p>Este s\u00e1bado, desde primeras horas de la ma\u00f1ana, en Ciudad del Este se llevar\u00e1 a cabo la III Regata Internacional de Velocidad del Campeonato Paraguayo de remo, bajo la organizaci\u00f3n del Club de Regatas del Este.<\/p>\n<p><a href=\"http:\/\/www.crc.org.ar\/w\/wp-content\/uploads\/2018\/04\/romero.jpg\"><img loading=\"lazy\" decoding=\"async\" class=\"alignleft size-medium wp-image-9929\" src=\"http:\/\/www.crc.org.ar\/w\/wp-content\/uploads\/2018\/04\/romero-300x159.jpg\" alt=\"\" width=\"300\" height=\"159\" srcset=\"https:\/\/crc.org.ar\/w\/wp-content\/uploads\/2018\/04\/romero-300x159.jpg 300w, https:\/\/crc.org.ar\/w\/wp-content\/uploads\/2018\/04\/romero-768x407.jpg 768w, https:\/\/crc.org.ar\/w\/wp-content\/uploads\/2018\/04\/romero-1024x543.jpg 1024w, https:\/\/crc.org.ar\/w\/wp-content\/uploads\/2018\/04\/romero-310x165.jpg 310w, https:\/\/crc.org.ar\/w\/wp-content\/uploads\/2018\/04\/romero-800x424.jpg 800w, https:\/\/crc.org.ar\/w\/wp-content\/uploads\/2018\/04\/romero.jpg 2008w\" sizes=\"(max-width: 300px) 100vw, 300px\" \/><\/a>La competencia, que reunir\u00e1 a los mejores exponentes de Paraguay y ser\u00e1 fiscalizado por la Federaci\u00f3n Paraguaya de Remo (FEPARE), se llevar\u00e1 a cabo en el Lago de la Rep\u00fablica de Ciudad del Este.<\/p>\n<p>De la competencia ser\u00e1 de la partida el equipo de remo del Club de Regatas Corrientes, con quince (15) remeros, que volver\u00e1n a entablar lazos de amistad con los hermanos paraguayo, adem\u00e1s de acelerar su aprendizaje y competitividad.<\/p>\n<p><strong>EL PLANTEL<br \/>\n<\/strong>La delegaci\u00f3n de Regatas Corrientes, que parti\u00f3 este mediod\u00eda desde el parque Mitre, est\u00e1 compuesto por: <strong>Gast\u00f3n Alfonzo, Oriana Blundetto, Giuliana De Biasi, Carlos Soto, Diego Moreira, <\/strong>y <strong>Maximiliano Reischer.<\/strong><\/p>\n<p>Adem\u00e1s de <strong>Tomas Romero, Andr\u00e9s Virotta, Atilio R\u00faveda, Augusto Ciumpalo, Patricio Frettes Bazante, Santiago Otaka, Nahuel Quiroz, Mar\u00eda Luz Fedullo, <\/strong>y<strong> Gabriel Centuri\u00f3n.<\/strong><\/p>\n","protected":false},"excerpt":{"rendered":"<p>(Viernes 27 de abril de 2018). El equipo de remo del Club de Regatas Corrientes se presentar\u00e1 este s\u00e1bado en Ciudad del Este, Paraguay, para participar de la III Regata Internacional de Velocidad del Campeonato Paraguayo de Remo. Este s\u00e1bado, desde primeras horas de la ma\u00f1ana, en Ciudad del Este se llevar\u00e1 a cabo la &hellip;<\/p>\n","protected":false},"author":1,"featured_media":9929,"comment_status":"closed","ping_status":"open","sticky":false,"template":"","format":"standard","meta":{"footnotes":""},"categories":[18],"tags":[],"_links":{"self":[{"href":"https:\/\/crc.org.ar\/w\/wp-json\/wp\/v2\/posts\/9928"}],"collection":[{"href":"https:\/\/crc.org.ar\/w\/wp-json\/wp\/v2\/posts"}],"about":[{"href":"https:\/\/crc.org.ar\/w\/wp-json\/wp\/v2\/types\/post"}],"author":[{"embeddable":true,"href":"https:\/\/crc.org.ar\/w\/wp-json\/wp\/v2\/users\/1"}],"replies":[{"embeddable":true,"href":"https:\/\/crc.org.ar\/w\/wp-json\/wp\/v2\/comments?post=9928"}],"version-history":[{"count":1,"href":"https:\/\/crc.org.ar\/w\/wp-json\/wp\/v2\/posts\/9928\/revisions"}],"predecessor-version":[{"id":9930,"href":"https:\/\/crc.org.ar\/w\/wp-json\/wp\/v2\/posts\/9928\/revisions\/9930"}],"wp:featuredmedia":[{"embeddable":true,"href":"https:\/\/crc.org.ar\/w\/wp-json\/wp\/v2\/media\/9929"}],"wp:attachment":[{"href":"https:\/\/crc.org.ar\/w\/wp-json\/wp\/v2\/media?parent=9928"}],"wp:term":[{"taxonomy":"category","embeddable":true,"href":"https:\/\/crc.org.ar\/w\/wp-json\/wp\/v2\/categories?post=9928"},{"taxonomy":"post_tag","embeddable":true,"href":"https:\/\/crc.org.ar\/w\/wp-json\/wp\/v2\/tags?post=9928"}],"curies":[{"name":"wp","href":"https:\/\/api.w.org\/{rel}","templated":true}]}}