{"id":993,"date":"2016-10-13T23:00:15","date_gmt":"2016-10-14T02:00:15","guid":{"rendered":"http:\/\/www.crc.org.ar\/w\/?p=993"},"modified":"2016-10-13T23:00:15","modified_gmt":"2016-10-14T02:00:15","slug":"pese-a-la-tormenta-la-marina-regatense-sigue-de-pie","status":"publish","type":"post","link":"https:\/\/crc.org.ar\/w\/pese-a-la-tormenta-la-marina-regatense-sigue-de-pie\/","title":{"rendered":"Pese  a la tormenta, la Marina regatense sigue de pie"},"content":{"rendered":"<p>(Jueves 13 de octubre de 2016). No fueron horas f\u00e1ciles para la marina del Club de Regatas Corrientes. La tormenta, con vientos verdaderamente huracanados, registrada este mi\u00e9rcoles por la noche llev\u00f3 incertidumbre sobre el futuro del tradicional \u201cpuerto\u201d regatense.<!--more-->Sin embargo los trabajos diarios de amarre, con sectores en permanente mantenimiento y otros nuevos, adem\u00e1s de la intr\u00e9pida y r\u00e1pida intervenci\u00f3n del personal del Club, dirigidos por el capit\u00e1n <strong>Eduardo Mari\u00f1o Rey<\/strong>, adem\u00e1s de socios voluntarios, permitieron que los da\u00f1os no sean mayores.<\/p>\n<p>As\u00ed se pudo mantener la marina, con s\u00f3lo algunos sectores colapsados, ya con la presencia de los propietarios de las embarcaciones, que en su mayor\u00eda quedaron en tierra por la peligrosidad y magnitud de la tormenta, con un oleaje verdaderamente de mar, y ante el consejo del Capit\u00e1n.<\/p>\n<p>Es digno destacar la presencia, colaboraci\u00f3n y trabajo a destajo del <strong>Ing. Gustavo Vexelman,<\/strong> de <strong>Miguel Casaf\u00fas<\/strong>, de <strong>Adri\u00e1n Montiel<\/strong>, de <strong>Marcelo Medina<\/strong> (personal del Club), y del Capit\u00e1n Mari\u00f1o Rey, que pese a comprometer sus integridades f\u00edsicas no dudaron en trabajar para salvar la marina.<\/p>\n<p>Hoy, tras el relevamiento matutino, s\u00f3lo hay que lamentar algunos peque\u00f1os da\u00f1os materiales, golpes en embarcaciones, que en las pr\u00f3ximas horas seguramente ser\u00e1n subsanados por personal de la instituci\u00f3n.<\/p>\n","protected":false},"excerpt":{"rendered":"<p>(Jueves 13 de octubre de 2016). No fueron horas f\u00e1ciles para la marina del Club de Regatas Corrientes. La tormenta, con vientos verdaderamente huracanados, registrada este mi\u00e9rcoles por la noche llev\u00f3 incertidumbre sobre el futuro del tradicional \u201cpuerto\u201d regatense.Sin embargo los trabajos diarios de amarre, con sectores en permanente mantenimiento y otros nuevos, adem\u00e1s de &hellip;<\/p>\n","protected":false},"author":1,"featured_media":994,"comment_status":"open","ping_status":"open","sticky":false,"template":"","format":"standard","meta":{"footnotes":""},"categories":[75],"tags":[],"_links":{"self":[{"href":"https:\/\/crc.org.ar\/w\/wp-json\/wp\/v2\/posts\/993"}],"collection":[{"href":"https:\/\/crc.org.ar\/w\/wp-json\/wp\/v2\/posts"}],"about":[{"href":"https:\/\/crc.org.ar\/w\/wp-json\/wp\/v2\/types\/post"}],"author":[{"embeddable":true,"href":"https:\/\/crc.org.ar\/w\/wp-json\/wp\/v2\/users\/1"}],"replies":[{"embeddable":true,"href":"https:\/\/crc.org.ar\/w\/wp-json\/wp\/v2\/comments?post=993"}],"version-history":[{"count":1,"href":"https:\/\/crc.org.ar\/w\/wp-json\/wp\/v2\/posts\/993\/revisions"}],"predecessor-version":[{"id":995,"href":"https:\/\/crc.org.ar\/w\/wp-json\/wp\/v2\/posts\/993\/revisions\/995"}],"wp:featuredmedia":[{"embeddable":true,"href":"https:\/\/crc.org.ar\/w\/wp-json\/wp\/v2\/media\/994"}],"wp:attachment":[{"href":"https:\/\/crc.org.ar\/w\/wp-json\/wp\/v2\/media?parent=993"}],"wp:term":[{"taxonomy":"category","embeddable":true,"href":"https:\/\/crc.org.ar\/w\/wp-json\/wp\/v2\/categories?post=993"},{"taxonomy":"post_tag","embeddable":true,"href":"https:\/\/crc.org.ar\/w\/wp-json\/wp\/v2\/tags?post=993"}],"curies":[{"name":"wp","href":"https:\/\/api.w.org\/{rel}","templated":true}]}}