{"id":999,"date":"2016-10-16T23:15:03","date_gmt":"2016-10-17T02:15:03","guid":{"rendered":"http:\/\/www.crc.org.ar\/w\/?p=999"},"modified":"2016-10-16T23:15:03","modified_gmt":"2016-10-17T02:15:03","slug":"con-pablo-espinoza-regatas-sale-a-la-ruta","status":"publish","type":"post","link":"https:\/\/crc.org.ar\/w\/con-pablo-espinoza-regatas-sale-a-la-ruta\/","title":{"rendered":"Con Pablo Espinoza, Regatas sale a la ruta"},"content":{"rendered":"<p>(Domingo 17 de octubre de 2016). Pasada la medianoche de este lunes, Regatas Corrientes emprender\u00e1 viaje a Sunchales, en donde el mi\u00e9rcoles iniciar\u00e1 una mini gira de tres partidos. El alero <strong>Pablo Espinoza<\/strong> fue dado de alta y ser\u00e1 parte de la delegaci\u00f3n \u201cFantasma\u201d.<!--more--><\/p>\n<p><span class=\"tie-dropcap \">U<\/span>na semana muy movida tendr\u00e1 el plantel de Regatas Corrientes que afrontar\u00e1 su segunda mini gira en la Liga Nacional de B\u00e1squetbol (LNB); en la oportunidad por Sunchales, Paran\u00e1 y Concordia, correlativamente.<\/p>\n<p><strong>TRES EN FILA <\/strong><br \/>\n<strong>DE VISITANTE<\/strong><br \/>\nEl primer compromiso de los conducidos por <strong>Gabriel Piccato<\/strong>, ser\u00e1 el mi\u00e9rcoles en Sunchales en donde visitar\u00e1 a Libertad; en un partido que comenzar\u00e1 a las 21.30 horas y ser\u00e1 dirigido por <strong>Roberto Smith <\/strong>y<strong> Leonardo Zalazar<\/strong>.<\/p>\n<p>El segundo compromiso de Regatas ser\u00e1 el viernes en Paran\u00e1, en donde visitar\u00e1 Echag\u00fce; en partido que comenzar\u00e1 a las 21.30 horas y ser\u00e1 dirigido por <strong>Fabricio Vito <\/strong>y<strong> Oscar Martinetto.<\/strong><\/p>\n<p>En tanto que cerrar\u00e1 su mini gira, el domingo 23 de octubre en Concordia en donde se enfrentar\u00e1 a Estudiantes, desde las 21 horas; a\u00fan sin autoridades designadas por la Asociaci\u00f3n de Clubes (AdC).<\/p>\n<p><strong>CLASICO <\/strong><br \/>\n<strong>TELEVISADO<\/strong><br \/>\nRegatas volver\u00e1 a jugar en el parque Mitre, el pr\u00f3ximo mi\u00e9rcoles 26 de octubre en donde recibir\u00e1 a San Mart\u00edn en el cl\u00e1sico correntino; en partido que comenzar\u00e1 a las 21 horas y ser\u00e1 televisado para todo el pa\u00eds por TyC Sports.<\/p>\n<p><strong>CON ESPINOZA<\/strong><br \/>\nTras perderse la gira por Santiago del Estero y los partidos ante Echag\u00fce y Quimsa en Corrientes, el alero chaque\u00f1o <strong>Pablo Espinoza<\/strong> fue dado de alta y ser\u00e1 parte de la delegaci\u00f3n \u201cFantasma\u201d.<\/p>\n<p>El alero chaque\u00f1o, que ten\u00eda una fisura en el dedo medio de la mano izquierda, pese a la lesi\u00f3n sigui\u00f3 entrenando con el preparador f\u00edsico <strong>Francisco Gamarra<\/strong>, para no perder su condici\u00f3n f\u00edsica, y en los \u00faltimos d\u00edas se integr\u00f3 a los trabajos del plantel.<\/p>\n<p><strong>EL PLANTEL<\/strong><br \/>\nEl plantel que viajar\u00e1 a Sunchales, pasada la medianoche de este lunes, estar\u00e1 conformado por: <strong>Donald Sims, Santiago Vidal, Paolo Quinteros, Juan P. Arengo<\/strong> (Sub 23), <strong>Pablo Espinoza, Lorenzo Ottani, Fabi\u00e1n Ram\u00edrez Barrios, Javier Saiz<\/strong> (Sub 23), <strong>Joshua Duinker, y Fernando Martina<\/strong>.<\/p>\n<p>La delegaci\u00f3n se completar\u00e1 con el t\u00e9cnico <strong>Gabriel Piccato<\/strong>, los asistentes <strong>Diego Vadell <\/strong>y<strong> Franco Guti\u00e9rrez<\/strong>, el preparador f\u00edsico <strong>Guillermo Stieg<\/strong>, el kinesi\u00f3logo <strong>Ricardo De los Reyes<\/strong>, y el utilero <strong>Roberto Alarc\u00f3n<\/strong>; adem\u00e1s de un juvenil que se designar\u00e1 el lunes.<\/p>\n","protected":false},"excerpt":{"rendered":"<p>(Domingo 17 de octubre de 2016). Pasada la medianoche de este lunes, Regatas Corrientes emprender\u00e1 viaje a Sunchales, en donde el mi\u00e9rcoles iniciar\u00e1 una mini gira de tres partidos. El alero Pablo Espinoza fue dado de alta y ser\u00e1 parte de la delegaci\u00f3n \u201cFantasma\u201d. Una semana muy movida tendr\u00e1 el plantel de Regatas Corrientes que &hellip;<\/p>\n","protected":false},"author":1,"featured_media":905,"comment_status":"open","ping_status":"open","sticky":false,"template":"","format":"standard","meta":{"footnotes":""},"categories":[66,67,68],"tags":[],"_links":{"self":[{"href":"https:\/\/crc.org.ar\/w\/wp-json\/wp\/v2\/posts\/999"}],"collection":[{"href":"https:\/\/crc.org.ar\/w\/wp-json\/wp\/v2\/posts"}],"about":[{"href":"https:\/\/crc.org.ar\/w\/wp-json\/wp\/v2\/types\/post"}],"author":[{"embeddable":true,"href":"https:\/\/crc.org.ar\/w\/wp-json\/wp\/v2\/users\/1"}],"replies":[{"embeddable":true,"href":"https:\/\/crc.org.ar\/w\/wp-json\/wp\/v2\/comments?post=999"}],"version-history":[{"count":1,"href":"https:\/\/crc.org.ar\/w\/wp-json\/wp\/v2\/posts\/999\/revisions"}],"predecessor-version":[{"id":1000,"href":"https:\/\/crc.org.ar\/w\/wp-json\/wp\/v2\/posts\/999\/revisions\/1000"}],"wp:featuredmedia":[{"embeddable":true,"href":"https:\/\/crc.org.ar\/w\/wp-json\/wp\/v2\/media\/905"}],"wp:attachment":[{"href":"https:\/\/crc.org.ar\/w\/wp-json\/wp\/v2\/media?parent=999"}],"wp:term":[{"taxonomy":"category","embeddable":true,"href":"https:\/\/crc.org.ar\/w\/wp-json\/wp\/v2\/categories?post=999"},{"taxonomy":"post_tag","embeddable":true,"href":"https:\/\/crc.org.ar\/w\/wp-json\/wp\/v2\/tags?post=999"}],"curies":[{"name":"wp","href":"https:\/\/api.w.org\/{rel}","templated":true}]}}